{"id":5653,"date":"2024-08-15T02:51:40","date_gmt":"2024-08-15T02:51:40","guid":{"rendered":"https:\/\/infozamoraec.com\/?p=5653"},"modified":"2024-08-15T02:51:40","modified_gmt":"2024-08-15T02:51:40","slug":"gad-chinchipe-planifica-la-edicion-53-de-la-feria-binacional-virgen-del-rosario","status":"publish","type":"post","link":"https:\/\/infozamoraec.com\/index.php\/2024\/08\/15\/gad-chinchipe-planifica-la-edicion-53-de-la-feria-binacional-virgen-del-rosario\/","title":{"rendered":"GAD Chinchipe planifica la edici\u00f3n  53 de la Feria Binacional  \u00abVirgen del Rosario\u00bb"},"content":{"rendered":"<p>Con el af\u00e1n de planificar la 53 Feria de Integraci\u00f3n Binacional Virgen del Rosario, Zumba 2024, instituciones p\u00fablicas y privadas del cant\u00f3n Chinchipe, encabezadas por el GAD Municipal, mantuvieron una reuni\u00f3n de trabajo para socializar la programaci\u00f3n del evento.<\/p>\n<p>En este acontecimiento tradicional, que tiene como epicentro la celebraci\u00f3n de las fiestas en honor a la Virgen del Rosario, patrona de Chinchipe, y se ver\u00e1 reflejada la cultura religiosa, el comercio, la gastronom\u00eda, la interculturalidad, los emprendimientos y el deporte.<\/p>\n<p>Autoridades de todas las instituciones aportaron con propuestas que permitan posicionar al cant\u00f3n a nivel nacional e internacional, pues la devoci\u00f3n ha invitado hist\u00f3ricamente a los hermanos del Per\u00fa, quienes tambi\u00e9n forman parte de esta tradici\u00f3n chinchipense.<\/p>\n<p>&nbsp;<\/p>\n","protected":false},"excerpt":{"rendered":"<p>Con el af\u00e1n de planificar la 53 Feria de Integraci\u00f3n Binacional Virgen del Rosario, Zumba 2024, instituciones p\u00fablicas y privadas del cant\u00f3n Chinchipe, encabezadas por el GAD Municipal, mantuvieron una reuni\u00f3n de trabajo para socializar la programaci\u00f3n del evento. En este acontecimiento tradicional, que tiene como epicentro la celebraci\u00f3n de las fiestas en honor a [&hellip;]<\/p>\n","protected":false},"author":1,"featured_media":5657,"comment_status":"open","ping_status":"open","sticky":false,"template":"","format":"standard","meta":{"footnotes":""},"categories":[9],"tags":[],"_links":{"self":[{"href":"https:\/\/infozamoraec.com\/index.php\/wp-json\/wp\/v2\/posts\/5653"}],"collection":[{"href":"https:\/\/infozamoraec.com\/index.php\/wp-json\/wp\/v2\/posts"}],"about":[{"href":"https:\/\/infozamoraec.com\/index.php\/wp-json\/wp\/v2\/types\/post"}],"author":[{"embeddable":true,"href":"https:\/\/infozamoraec.com\/index.php\/wp-json\/wp\/v2\/users\/1"}],"replies":[{"embeddable":true,"href":"https:\/\/infozamoraec.com\/index.php\/wp-json\/wp\/v2\/comments?post=5653"}],"version-history":[{"count":2,"href":"https:\/\/infozamoraec.com\/index.php\/wp-json\/wp\/v2\/posts\/5653\/revisions"}],"predecessor-version":[{"id":5659,"href":"https:\/\/infozamoraec.com\/index.php\/wp-json\/wp\/v2\/posts\/5653\/revisions\/5659"}],"wp:featuredmedia":[{"embeddable":true,"href":"https:\/\/infozamoraec.com\/index.php\/wp-json\/wp\/v2\/media\/5657"}],"wp:attachment":[{"href":"https:\/\/infozamoraec.com\/index.php\/wp-json\/wp\/v2\/media?parent=5653"}],"wp:term":[{"taxonomy":"category","embeddable":true,"href":"https:\/\/infozamoraec.com\/index.php\/wp-json\/wp\/v2\/categories?post=5653"},{"taxonomy":"post_tag","embeddable":true,"href":"https:\/\/infozamoraec.com\/index.php\/wp-json\/wp\/v2\/tags?post=5653"}],"curies":[{"name":"wp","href":"https:\/\/api.w.org\/{rel}","templated":true}]}}