{"id":5649,"date":"2024-08-15T02:21:26","date_gmt":"2024-08-15T02:21:26","guid":{"rendered":"https:\/\/infozamoraec.com\/?p=5649"},"modified":"2024-08-15T02:21:53","modified_gmt":"2024-08-15T02:21:53","slug":"gestionan-protesis-para-tres-personas-con-discapacidad-de-centinela-del-condor","status":"publish","type":"post","link":"https:\/\/infozamoraec.com\/index.php\/2024\/08\/15\/gestionan-protesis-para-tres-personas-con-discapacidad-de-centinela-del-condor\/","title":{"rendered":"Gestionan pr\u00f3tesis para tres personas con discapacidad de Centinela del C\u00f3ndor"},"content":{"rendered":"<p>El GAD Municipal de\u00a0 Centinela del C\u00f3ndor informa que mediante trabajo mancomunado y la gesti\u00f3n permanente se\u00a0 ha logrado conseguir la\u00a0 donaci\u00f3n de pr\u00f3tesis para extremidades para un numero de tres personas con discapacidad de la jurisdicci\u00f3n.<\/p>\n<p>En ese contexto, se inform\u00f3 que producto de la gesti\u00f3n coordinada entre el GAD Centinela del C\u00f3ndor y la Fundaci\u00f3n Acci\u00f3n Solidaria, los mencionados beneficiaros se trasladaron a la ciudad de Macas, provincia de Morona Santiago, para realizar la medici\u00f3n de sus futuras pr\u00f3tesis.<\/p>\n<p>Esta intervenci\u00f3n fue posible gracias a la colaboraci\u00f3n con la\u00a0 Fundaci\u00f3n <span class=\"html-span xdj266r x11i5rnm xat24cr x1mh8g0r xexx8yu x4uap5 x18d9i69 xkhd6sd x1hl2dhg x16tdsg8 x1vvkbs\"><a class=\"x1i10hfl xjbqb8w x1ejq31n xd10rxx x1sy0etr x17r0tee x972fbf xcfux6l x1qhh985 xm0m39n x9f619 x1ypdohk xt0psk2 xe8uvvx xdj266r x11i5rnm xat24cr x1mh8g0r xexx8yu x4uap5 x18d9i69 xkhd6sd x16tdsg8 x1hl2dhg xggy1nq x1a2a7pz x1sur9pj xkrqix3 x1fey0fg xo1l8bm\" tabindex=\"0\" role=\"link\" href=\"https:\/\/www.facebook.com\/ROMPecuadorORG?__cft__[0]=AZWN9s5o20WSrGI0dIN3aZI9_5uYEGrOIZj24s68xajeGV7WZMneKYZCDzP_-3GyJeiHRGR73yhueus_h_1kaGvIlw3hzJjNwg5p0EcWzfhvT1iPFVcZ2fsuCgwrgciRMHGwh3pNHQb5NSFo5NhXS0Mp_9os7Se3dHogk-uQOof28BPqM6BV2dorL4sweo5kObuoivjhV43OVBnJsF0-bWcJ&amp;__tn__=-]K-R\" target=\"_blank\" rel=\"noopener\"><span class=\"xt0psk2\">Range of Motion Project Ecuador<\/span><\/a><\/span> (ROMP Ecuador), lo que permite que puedan acceder a las pr\u00f3tesis que requieren.<\/p>\n<p>Acciones como esta, que articulan esfuerzos entre autoridades locales y organizaciones solidarias, son fundamentales para brindar soluciones a las necesidades de las comunidades vulnerables, culmina\u00a0 el comunicado.<\/p>\n","protected":false},"excerpt":{"rendered":"<p>El GAD Municipal de\u00a0 Centinela del C\u00f3ndor informa que mediante trabajo mancomunado y la gesti\u00f3n permanente se\u00a0 ha logrado conseguir la\u00a0 donaci\u00f3n de pr\u00f3tesis para extremidades para un numero de tres personas con discapacidad de la jurisdicci\u00f3n. En ese contexto, se inform\u00f3 que producto de la gesti\u00f3n coordinada entre el GAD Centinela del C\u00f3ndor y [&hellip;]<\/p>\n","protected":false},"author":1,"featured_media":5651,"comment_status":"open","ping_status":"open","sticky":false,"template":"","format":"standard","meta":{"footnotes":""},"categories":[9],"tags":[],"_links":{"self":[{"href":"https:\/\/infozamoraec.com\/index.php\/wp-json\/wp\/v2\/posts\/5649"}],"collection":[{"href":"https:\/\/infozamoraec.com\/index.php\/wp-json\/wp\/v2\/posts"}],"about":[{"href":"https:\/\/infozamoraec.com\/index.php\/wp-json\/wp\/v2\/types\/post"}],"author":[{"embeddable":true,"href":"https:\/\/infozamoraec.com\/index.php\/wp-json\/wp\/v2\/users\/1"}],"replies":[{"embeddable":true,"href":"https:\/\/infozamoraec.com\/index.php\/wp-json\/wp\/v2\/comments?post=5649"}],"version-history":[{"count":1,"href":"https:\/\/infozamoraec.com\/index.php\/wp-json\/wp\/v2\/posts\/5649\/revisions"}],"predecessor-version":[{"id":5650,"href":"https:\/\/infozamoraec.com\/index.php\/wp-json\/wp\/v2\/posts\/5649\/revisions\/5650"}],"wp:featuredmedia":[{"embeddable":true,"href":"https:\/\/infozamoraec.com\/index.php\/wp-json\/wp\/v2\/media\/5651"}],"wp:attachment":[{"href":"https:\/\/infozamoraec.com\/index.php\/wp-json\/wp\/v2\/media?parent=5649"}],"wp:term":[{"taxonomy":"category","embeddable":true,"href":"https:\/\/infozamoraec.com\/index.php\/wp-json\/wp\/v2\/categories?post=5649"},{"taxonomy":"post_tag","embeddable":true,"href":"https:\/\/infozamoraec.com\/index.php\/wp-json\/wp\/v2\/tags?post=5649"}],"curies":[{"name":"wp","href":"https:\/\/api.w.org\/{rel}","templated":true}]}}