{"id":5289,"date":"2024-07-31T18:46:43","date_gmt":"2024-07-31T18:46:43","guid":{"rendered":"https:\/\/infozamoraec.com\/?p=5289"},"modified":"2024-07-31T18:46:43","modified_gmt":"2024-07-31T18:46:43","slug":"gad-municipal-de-zamora-y-centro-de-formacion-academica-y-ensenanza-ceface-firman-importante-convenio","status":"publish","type":"post","link":"https:\/\/infozamoraec.com\/index.php\/2024\/07\/31\/gad-municipal-de-zamora-y-centro-de-formacion-academica-y-ensenanza-ceface-firman-importante-convenio\/","title":{"rendered":"GAD Municipal de Zamora y Centro de Formaci\u00f3n Acad\u00e9mica y Ense\u00f1anza CEFACE firman importante convenio."},"content":{"rendered":"<p style=\"font-weight: 400;\">En d\u00edas recientes, en el despacho de alcald\u00eda se llev\u00f3 a cabo la firma de convenio con el Centro de Formaci\u00f3n Acad\u00e9mica y Ense\u00f1anza CEFACE S.A.S para programas de capacitaci\u00f3n y formaci\u00f3n acad\u00e9mica dirigida a bachilleres, funcionarios del GAD Municipal y ciudadan\u00eda del cant\u00f3n Zamora, logrando de esta manera, ahorrar recursos a las familias zamoranas.<\/p>\n<p style=\"font-weight: 400;\">A trav\u00e9s de este presente convenio el GAD municipal de Zamora aportar\u00e1 con el sal\u00f3n social ubicado en el Centro Recreacional Bombuscaro, que ser\u00e1 utilizado en la realizaci\u00f3n de actividades de capacitaci\u00f3n y formaci\u00f3n, los d\u00edas s\u00e1bados, asimismo, difundir\u00e1 el material comunicacional para lograr mayor visibilidad en redes sociales. Por su parte, el Centro de Formaci\u00f3n y Ense\u00f1anza CEFACE, aportar\u00e1 con docentes altamente capacitados y con un descuento adicional del 20% en cualquiera de los servicios que oferta la instituci\u00f3n, preparaci\u00f3n para ingreso a las universidades p\u00fablicas y privadas a un valor $60 d\u00f3lares americanos y brindar a la ciudadan\u00eda y funcionarios del GAD Municipal capacitaci\u00f3n en diferentes \u00e1reas: Inyectolog\u00eda, Primeros Auxilios, Computaci\u00f3n Word, Excel, Tributaci\u00f3n, Atenci\u00f3n al cliente entre otras m\u00e1s por el costo de $20.00 d\u00f3lares americanos.<\/p>\n<p style=\"font-weight: 400;\">Jazm\u00edn Santos, representante de CEFACES, indic\u00f3 que, el objetivo de realizar este curso intensivo en el cant\u00f3n Zamora es para que los bachilleres y j\u00f3venes que est\u00e1n en \u00faltimo a\u00f1o del colegio, cuenten con un espacio de preparaci\u00f3n para que posteriormente puedan lograr el puntaje en el examen de ingreso a la universidad. Asimismo, se aplicar\u00e1 el test vocacional para que las personas inscritas est\u00e9n seguras de la carrera que desean seguir.<\/p>\n<p style=\"font-weight: 400;\">\u201cHacemos un llamado a los presidentes de los barrios de Zamora, para poder coordinar y realizar capacitaciones gratuitas de diferente \u00edndole, con el objetivo de brindar espacios de ense\u00f1anza-aprendizaje para los moradores\u201d, indic\u00f3 Santos.<\/p>\n<p style=\"font-weight: 400;\">En este contexto, Manuel Gonz\u00e1lez, alcalde del cant\u00f3n Zamora, extendi\u00f3 la invitaci\u00f3n a todos los j\u00f3venes y ciudadan\u00eda en general, que se inscriban y formen parte de este importante curso intensivo, logrando de esta manera tener conocimientos para rendir el examen e ingresar a las diferentes universidades.<\/p>\n<p style=\"font-weight: 400;\">\u201cGracias al Concejo Municipal por aprobar y autorizar para que lleve a cabo esta importante firma de convenio. Asimismo, es importante indicarle a la ciudadan\u00eda zamorana que continuaremos coordinando con diferentes centros de capacitaci\u00f3n para que visiten nuestro cant\u00f3n, y lograr de esta manera ahorrar los recursos de las familias zamoranas\u201d, agreg\u00f3 Gonz\u00e1lez.<\/p>\n","protected":false},"excerpt":{"rendered":"<p>En d\u00edas recientes, en el despacho de alcald\u00eda se llev\u00f3 a cabo la firma de convenio con el Centro de Formaci\u00f3n Acad\u00e9mica y Ense\u00f1anza CEFACE S.A.S para programas de capacitaci\u00f3n y formaci\u00f3n acad\u00e9mica dirigida a bachilleres, funcionarios del GAD Municipal y ciudadan\u00eda del cant\u00f3n Zamora, logrando de esta manera, ahorrar recursos a las familias zamoranas. [&hellip;]<\/p>\n","protected":false},"author":1,"featured_media":5290,"comment_status":"open","ping_status":"open","sticky":false,"template":"","format":"standard","meta":{"footnotes":""},"categories":[9],"tags":[],"_links":{"self":[{"href":"https:\/\/infozamoraec.com\/index.php\/wp-json\/wp\/v2\/posts\/5289"}],"collection":[{"href":"https:\/\/infozamoraec.com\/index.php\/wp-json\/wp\/v2\/posts"}],"about":[{"href":"https:\/\/infozamoraec.com\/index.php\/wp-json\/wp\/v2\/types\/post"}],"author":[{"embeddable":true,"href":"https:\/\/infozamoraec.com\/index.php\/wp-json\/wp\/v2\/users\/1"}],"replies":[{"embeddable":true,"href":"https:\/\/infozamoraec.com\/index.php\/wp-json\/wp\/v2\/comments?post=5289"}],"version-history":[{"count":2,"href":"https:\/\/infozamoraec.com\/index.php\/wp-json\/wp\/v2\/posts\/5289\/revisions"}],"predecessor-version":[{"id":5292,"href":"https:\/\/infozamoraec.com\/index.php\/wp-json\/wp\/v2\/posts\/5289\/revisions\/5292"}],"wp:featuredmedia":[{"embeddable":true,"href":"https:\/\/infozamoraec.com\/index.php\/wp-json\/wp\/v2\/media\/5290"}],"wp:attachment":[{"href":"https:\/\/infozamoraec.com\/index.php\/wp-json\/wp\/v2\/media?parent=5289"}],"wp:term":[{"taxonomy":"category","embeddable":true,"href":"https:\/\/infozamoraec.com\/index.php\/wp-json\/wp\/v2\/categories?post=5289"},{"taxonomy":"post_tag","embeddable":true,"href":"https:\/\/infozamoraec.com\/index.php\/wp-json\/wp\/v2\/tags?post=5289"}],"curies":[{"name":"wp","href":"https:\/\/api.w.org\/{rel}","templated":true}]}}