{"id":5285,"date":"2024-07-31T18:45:21","date_gmt":"2024-07-31T18:45:21","guid":{"rendered":"https:\/\/infozamoraec.com\/?p=5285"},"modified":"2024-07-31T18:45:21","modified_gmt":"2024-07-31T18:45:21","slug":"mtop-socializara-el-proyecto-de-integracion-fronteriza-iv-eje-vial-tramo-2-bellavista-zumba-la-balsa","status":"publish","type":"post","link":"https:\/\/infozamoraec.com\/index.php\/2024\/07\/31\/mtop-socializara-el-proyecto-de-integracion-fronteriza-iv-eje-vial-tramo-2-bellavista-zumba-la-balsa\/","title":{"rendered":"MTOP socializar\u00e1 el Proyecto de Integraci\u00f3n Fronteriza IV Eje Vial, tramo 2: Bellavista &#8211; Zumba &#8211; La Balsa"},"content":{"rendered":"<p>El Ministerio de Transporte y Obras P\u00fablicas (MTOP) conjuntamente con el Banco Interamericano de Desarrollo (BID) convoca a la ciudadan\u00eda a participar en el proceso de consulta participativa e informada del proyecto de Integraci\u00f3n Fronteriza &#8211; IV Eje Vial, Vilcabamba &#8211; Bellavista &#8211; Zumba &#8211; La Balsa, tramo 2, Bellavista &#8211; Zumba &#8211; La Balsa, ubicado en la provincia de Zamora Chinchipe.<\/p>\n<p>Se llevar\u00e1n a cabo tres sesiones entre los primeros d\u00edas del mes de agosto:<\/p>\n<p>Taller 1<br \/>\nFecha: viernes, 02 de agosto de 2024<br \/>\nLugar: Zumba, sal\u00f3n de evento del GAD de Chinchipe<br \/>\nDirecci\u00f3n: calle 12 de febrero y Orellana<br \/>\nHora: 17:00<\/p>\n<p>Taller 2<br \/>\nFecha: s\u00e1bado, 03 de agosto de 2024<br \/>\nLugar: El Chorro, oficinas del GAD El Chorro<br \/>\nDirecci\u00f3n: avenida principal v\u00eda a la Balsa, frente al Parque Central<br \/>\nHora: 11:00<\/p>\n<p>Taller 3<br \/>\nFecha: s\u00e1bado, 03 de agosto de 2024<br \/>\nLugar: El Progreso, capilla del Barrio El Progreso<br \/>\nDirecci\u00f3n: v\u00eda principal barrio El Progreso<br \/>\nHora: 15:00<\/p>\n<p>El proceso de consultas se enmarca en la actualizaci\u00f3n del \u00abEstudio de Impacto Ambiental y Social y Plan de Gesti\u00f3n Ambiental y Social Complementario\u00bb del proyecto. Esta obra es de suma importancia para el desarrollo socioecon\u00f3mico de la provincia, la regi\u00f3n y el pa\u00eds.<\/p>\n<p>La Subsecretar\u00eda de Transporte y Obras P\u00fablicas, Zona 7, ha organizado esta jornada de consulta participativa e informada para recoger sugerencias, comentarios y\/u observaciones de la comunidad. Los interesados pueden acceder al documento del estudio en el siguiente enlace: https:\/\/www.iadb.org\/es\/proyecto\/EC-L1295.<\/p>\n<p>El MTOP invita a todos los ciudadanos, organizaciones civiles, ONG y dem\u00e1s actores interesados a participar activamente en este proceso consultivo, cuya contribuci\u00f3n es fundamental para el desarrollo del proyecto.<\/p>\n","protected":false},"excerpt":{"rendered":"<p>El Ministerio de Transporte y Obras P\u00fablicas (MTOP) conjuntamente con el Banco Interamericano de Desarrollo (BID) convoca a la ciudadan\u00eda a participar en el proceso de consulta participativa e informada del proyecto de Integraci\u00f3n Fronteriza &#8211; IV Eje Vial, Vilcabamba &#8211; Bellavista &#8211; Zumba &#8211; La Balsa, tramo 2, Bellavista &#8211; Zumba &#8211; La Balsa, [&hellip;]<\/p>\n","protected":false},"author":1,"featured_media":5286,"comment_status":"open","ping_status":"open","sticky":false,"template":"","format":"standard","meta":{"footnotes":""},"categories":[9],"tags":[],"_links":{"self":[{"href":"https:\/\/infozamoraec.com\/index.php\/wp-json\/wp\/v2\/posts\/5285"}],"collection":[{"href":"https:\/\/infozamoraec.com\/index.php\/wp-json\/wp\/v2\/posts"}],"about":[{"href":"https:\/\/infozamoraec.com\/index.php\/wp-json\/wp\/v2\/types\/post"}],"author":[{"embeddable":true,"href":"https:\/\/infozamoraec.com\/index.php\/wp-json\/wp\/v2\/users\/1"}],"replies":[{"embeddable":true,"href":"https:\/\/infozamoraec.com\/index.php\/wp-json\/wp\/v2\/comments?post=5285"}],"version-history":[{"count":2,"href":"https:\/\/infozamoraec.com\/index.php\/wp-json\/wp\/v2\/posts\/5285\/revisions"}],"predecessor-version":[{"id":5288,"href":"https:\/\/infozamoraec.com\/index.php\/wp-json\/wp\/v2\/posts\/5285\/revisions\/5288"}],"wp:featuredmedia":[{"embeddable":true,"href":"https:\/\/infozamoraec.com\/index.php\/wp-json\/wp\/v2\/media\/5286"}],"wp:attachment":[{"href":"https:\/\/infozamoraec.com\/index.php\/wp-json\/wp\/v2\/media?parent=5285"}],"wp:term":[{"taxonomy":"category","embeddable":true,"href":"https:\/\/infozamoraec.com\/index.php\/wp-json\/wp\/v2\/categories?post=5285"},{"taxonomy":"post_tag","embeddable":true,"href":"https:\/\/infozamoraec.com\/index.php\/wp-json\/wp\/v2\/tags?post=5285"}],"curies":[{"name":"wp","href":"https:\/\/api.w.org\/{rel}","templated":true}]}}