{"id":5245,"date":"2024-07-31T01:09:27","date_gmt":"2024-07-31T01:09:27","guid":{"rendered":"https:\/\/infozamoraec.com\/?p=5245"},"modified":"2024-07-31T01:09:36","modified_gmt":"2024-07-31T01:09:36","slug":"alcalde-de-nangaritza-entrego-la-tercera-vivienda-solidaria-a-una-madre-soltera-en-tsarunts-nankais","status":"publish","type":"post","link":"https:\/\/infozamoraec.com\/index.php\/2024\/07\/31\/alcalde-de-nangaritza-entrego-la-tercera-vivienda-solidaria-a-una-madre-soltera-en-tsarunts-nankais\/","title":{"rendered":"Alcalde de Nangaritza\u00a0 entreg\u00f3 la tercera vivienda solidaria a una madre soltera en Tsarunts-Nankais."},"content":{"rendered":"<p>La ma\u00f1ana del martes 30 de julio, el alcalde Francisco Cordero visit\u00f3 la comunidad de Tsarunts, en la parroquia Nankais, para compartir un desayuno y entregar la tercera vivienda solidaria a una madre soltera. La beneficiaria, la se\u00f1ora Gina Yankur, madre de dos hijos, recibi\u00f3 con alegr\u00eda las llaves de su nuevo hogar, que cuenta con dos dormitorios, sala, comedor, cocina y un ba\u00f1o completo. Esta vivienda es parte del programa de ayuda social que ha sido una de las prioridades de la actual administraci\u00f3n.<\/p>\n<p>Para financiar esta iniciativa, el 50% del presupuesto para la construcci\u00f3n se obtuvo mediante gestiones con empresas p\u00fablicas y privadas, mientras que el 50% restante se cubri\u00f3 con un aporte voluntario del sueldo del Alcalde.<\/p>\n<p>Esta es la tercera casa entregada por esta administraci\u00f3n como parte de su programa de ayuda social. La primera vivienda se construy\u00f3 en el barrio Ricardo Flatz para el se\u00f1or Romario Jim\u00e9nez, y la segunda en el barrio 26 de Noviembre para la familia Jim\u00e9nez Jap\u00f3n.<\/p>\n<p>Durante la entrega, el alcalde Cordero expres\u00f3 su satisfacci\u00f3n por poder brindar apoyo a las familias que m\u00e1s lo necesitan y reafirm\u00f3 su compromiso con la mejora de las condiciones de vida de las familias del sector. \u201cHoy es un d\u00eda muy especial, porque estamos haciendo realidad el sue\u00f1o de una familia. Este es el esfuerzo y resultado del trabajo conjunto entre el sector privado y la solidaridad de todos los que han contribuido\u2019\u2019 expres\u00f3 el alcalde.<\/p>\n","protected":false},"excerpt":{"rendered":"<p>La ma\u00f1ana del martes 30 de julio, el alcalde Francisco Cordero visit\u00f3 la comunidad de Tsarunts, en la parroquia Nankais, para compartir un desayuno y entregar la tercera vivienda solidaria a una madre soltera. La beneficiaria, la se\u00f1ora Gina Yankur, madre de dos hijos, recibi\u00f3 con alegr\u00eda las llaves de su nuevo hogar, que cuenta [&hellip;]<\/p>\n","protected":false},"author":1,"featured_media":5256,"comment_status":"open","ping_status":"open","sticky":false,"template":"","format":"standard","meta":{"footnotes":""},"categories":[9],"tags":[],"_links":{"self":[{"href":"https:\/\/infozamoraec.com\/index.php\/wp-json\/wp\/v2\/posts\/5245"}],"collection":[{"href":"https:\/\/infozamoraec.com\/index.php\/wp-json\/wp\/v2\/posts"}],"about":[{"href":"https:\/\/infozamoraec.com\/index.php\/wp-json\/wp\/v2\/types\/post"}],"author":[{"embeddable":true,"href":"https:\/\/infozamoraec.com\/index.php\/wp-json\/wp\/v2\/users\/1"}],"replies":[{"embeddable":true,"href":"https:\/\/infozamoraec.com\/index.php\/wp-json\/wp\/v2\/comments?post=5245"}],"version-history":[{"count":1,"href":"https:\/\/infozamoraec.com\/index.php\/wp-json\/wp\/v2\/posts\/5245\/revisions"}],"predecessor-version":[{"id":5257,"href":"https:\/\/infozamoraec.com\/index.php\/wp-json\/wp\/v2\/posts\/5245\/revisions\/5257"}],"wp:featuredmedia":[{"embeddable":true,"href":"https:\/\/infozamoraec.com\/index.php\/wp-json\/wp\/v2\/media\/5256"}],"wp:attachment":[{"href":"https:\/\/infozamoraec.com\/index.php\/wp-json\/wp\/v2\/media?parent=5245"}],"wp:term":[{"taxonomy":"category","embeddable":true,"href":"https:\/\/infozamoraec.com\/index.php\/wp-json\/wp\/v2\/categories?post=5245"},{"taxonomy":"post_tag","embeddable":true,"href":"https:\/\/infozamoraec.com\/index.php\/wp-json\/wp\/v2\/tags?post=5245"}],"curies":[{"name":"wp","href":"https:\/\/api.w.org\/{rel}","templated":true}]}}