{"id":5243,"date":"2024-07-30T04:06:22","date_gmt":"2024-07-30T04:06:22","guid":{"rendered":"https:\/\/infozamoraec.com\/?p=5243"},"modified":"2024-07-30T04:06:22","modified_gmt":"2024-07-30T04:06:22","slug":"en-palanda-se-inauguro-ventanilla-fisica-del-registro-social","status":"publish","type":"post","link":"https:\/\/infozamoraec.com\/index.php\/2024\/07\/30\/en-palanda-se-inauguro-ventanilla-fisica-del-registro-social\/","title":{"rendered":"En Palanda se  inaugur\u00f3 ventanilla  f\u00edsica del Registro Social"},"content":{"rendered":"<p>Mediante un acto emotivo que cont\u00f3 con la presencia de autoridades y representantes de varias entidades del cant\u00f3n, la tarde de este lunes 29 de julio de 2024 se inaugur\u00f3 la Ventanilla F\u00edsica del Registro Social en Palanda.<\/p>\n<p>Esta oficina, que ya funciona en la primera planta del edificio del Gobierno Aut\u00f3nomo Descentralizado del cant\u00f3n Palanda, tiene como objetivo identificar a los ciudadanos de los grupos vulnerables del cant\u00f3n como personas con discapacidad, con enfermedades catastr\u00f3ficas, adultos mayores, y otros, para que las entidades del Estado les brinden ayudas sociales.<\/p>\n<p>El ingeniero Segundo Jaramillo Quezada, alcalde de Palanda, destac\u00f3 la apertura de esta oficina en la localidad y agradeci\u00f3 al Gobierno Nacional por la firma del convenio que permite poner en funcionamiento esta dependencia. Asimismo, ratific\u00f3 que como instituci\u00f3n municipal se contin\u00faa con el trabajo a favor de los grupos de atenci\u00f3n prioritaria.<\/p>\n<p>Sara Narv\u00e1ez, t\u00e9cnica de la Direcci\u00f3n de Operaciones de la Unidad del Registro Social de la ciudad de Quito, dijo que es un gran logro establecer esta Ventanilla F\u00edsica en Palanda, la cual, recalc\u00f3, tendr\u00e1 como objetivo elaborar una base de datos confiable para que las instituciones y ministerios focalicen su atenci\u00f3n a esta poblaci\u00f3n.<\/p>\n","protected":false},"excerpt":{"rendered":"<p>Mediante un acto emotivo que cont\u00f3 con la presencia de autoridades y representantes de varias entidades del cant\u00f3n, la tarde de este lunes 29 de julio de 2024 se inaugur\u00f3 la Ventanilla F\u00edsica del Registro Social en Palanda. Esta oficina, que ya funciona en la primera planta del edificio del Gobierno Aut\u00f3nomo Descentralizado del cant\u00f3n [&hellip;]<\/p>\n","protected":false},"author":1,"featured_media":5214,"comment_status":"open","ping_status":"open","sticky":false,"template":"","format":"standard","meta":{"footnotes":""},"categories":[9],"tags":[],"_links":{"self":[{"href":"https:\/\/infozamoraec.com\/index.php\/wp-json\/wp\/v2\/posts\/5243"}],"collection":[{"href":"https:\/\/infozamoraec.com\/index.php\/wp-json\/wp\/v2\/posts"}],"about":[{"href":"https:\/\/infozamoraec.com\/index.php\/wp-json\/wp\/v2\/types\/post"}],"author":[{"embeddable":true,"href":"https:\/\/infozamoraec.com\/index.php\/wp-json\/wp\/v2\/users\/1"}],"replies":[{"embeddable":true,"href":"https:\/\/infozamoraec.com\/index.php\/wp-json\/wp\/v2\/comments?post=5243"}],"version-history":[{"count":1,"href":"https:\/\/infozamoraec.com\/index.php\/wp-json\/wp\/v2\/posts\/5243\/revisions"}],"predecessor-version":[{"id":5244,"href":"https:\/\/infozamoraec.com\/index.php\/wp-json\/wp\/v2\/posts\/5243\/revisions\/5244"}],"wp:featuredmedia":[{"embeddable":true,"href":"https:\/\/infozamoraec.com\/index.php\/wp-json\/wp\/v2\/media\/5214"}],"wp:attachment":[{"href":"https:\/\/infozamoraec.com\/index.php\/wp-json\/wp\/v2\/media?parent=5243"}],"wp:term":[{"taxonomy":"category","embeddable":true,"href":"https:\/\/infozamoraec.com\/index.php\/wp-json\/wp\/v2\/categories?post=5243"},{"taxonomy":"post_tag","embeddable":true,"href":"https:\/\/infozamoraec.com\/index.php\/wp-json\/wp\/v2\/tags?post=5243"}],"curies":[{"name":"wp","href":"https:\/\/api.w.org\/{rel}","templated":true}]}}