{"id":5217,"date":"2024-07-30T00:31:26","date_gmt":"2024-07-30T00:31:26","guid":{"rendered":"https:\/\/infozamoraec.com\/?p=5217"},"modified":"2024-07-30T00:31:26","modified_gmt":"2024-07-30T00:31:26","slug":"autoridades-gubernamentales-analizan-trabajo-en-territorio","status":"publish","type":"post","link":"https:\/\/infozamoraec.com\/index.php\/2024\/07\/30\/autoridades-gubernamentales-analizan-trabajo-en-territorio\/","title":{"rendered":"Autoridades gubernamentales analizan trabajo en territorio"},"content":{"rendered":"<p>En una jornada presidida por el gobernador de la provincia de Zamora Chinchipe, Francisco Mesias Hidalgo, se llev\u00f3 a cabo una mesa de trabajo para coordinar y fortalecer el accionar interinstitucional. En el c\u00f3nclave\u00a0 las autoridades abordaron temas como el trabajo en el sector educativo, salud, Bienestar y Desarrollo.<\/p>\n<p>En el sector Educativo se analizaron y evaluaron las infraestructuras educativas, la seguridad y los recursos disponibles en el \u00e1mbito de la tecnolog\u00eda. Adem\u00e1s, se discuti\u00f3 el plan de trabajo que se establecer\u00e1 para el nuevo per\u00edodo educativo 2024-2025.<\/p>\n<p>Mientras que en el sector Salud, ee abord\u00f3 la planificaci\u00f3n log\u00edstica, principalmente en los equipos de operaciones emergentes y las condiciones de ambulancias para mejorar su capacidad de respuesta ante eventos adversos.<\/p>\n<p>En tanto que el sector Bienestar y Desarrollo Social se dialog\u00f3 sobre la operatividad interinstitucional para establecer estrategias y fortalecer las acciones que respalden la seguridad en la provincia.<\/p>\n<p>Estas mesas de trabajo buscan mejorar la colaboraci\u00f3n entre las diversas instituciones y optimizar los recursos disponibles para atender las necesidades de la poblaci\u00f3n.<\/p>\n<p>&nbsp;<\/p>\n","protected":false},"excerpt":{"rendered":"<p>En una jornada presidida por el gobernador de la provincia de Zamora Chinchipe, Francisco Mesias Hidalgo, se llev\u00f3 a cabo una mesa de trabajo para coordinar y fortalecer el accionar interinstitucional. En el c\u00f3nclave\u00a0 las autoridades abordaron temas como el trabajo en el sector educativo, salud, Bienestar y Desarrollo. En el sector Educativo se analizaron [&hellip;]<\/p>\n","protected":false},"author":1,"featured_media":5218,"comment_status":"open","ping_status":"open","sticky":false,"template":"","format":"standard","meta":{"footnotes":""},"categories":[9],"tags":[],"_links":{"self":[{"href":"https:\/\/infozamoraec.com\/index.php\/wp-json\/wp\/v2\/posts\/5217"}],"collection":[{"href":"https:\/\/infozamoraec.com\/index.php\/wp-json\/wp\/v2\/posts"}],"about":[{"href":"https:\/\/infozamoraec.com\/index.php\/wp-json\/wp\/v2\/types\/post"}],"author":[{"embeddable":true,"href":"https:\/\/infozamoraec.com\/index.php\/wp-json\/wp\/v2\/users\/1"}],"replies":[{"embeddable":true,"href":"https:\/\/infozamoraec.com\/index.php\/wp-json\/wp\/v2\/comments?post=5217"}],"version-history":[{"count":1,"href":"https:\/\/infozamoraec.com\/index.php\/wp-json\/wp\/v2\/posts\/5217\/revisions"}],"predecessor-version":[{"id":5219,"href":"https:\/\/infozamoraec.com\/index.php\/wp-json\/wp\/v2\/posts\/5217\/revisions\/5219"}],"wp:featuredmedia":[{"embeddable":true,"href":"https:\/\/infozamoraec.com\/index.php\/wp-json\/wp\/v2\/media\/5218"}],"wp:attachment":[{"href":"https:\/\/infozamoraec.com\/index.php\/wp-json\/wp\/v2\/media?parent=5217"}],"wp:term":[{"taxonomy":"category","embeddable":true,"href":"https:\/\/infozamoraec.com\/index.php\/wp-json\/wp\/v2\/categories?post=5217"},{"taxonomy":"post_tag","embeddable":true,"href":"https:\/\/infozamoraec.com\/index.php\/wp-json\/wp\/v2\/tags?post=5217"}],"curies":[{"name":"wp","href":"https:\/\/api.w.org\/{rel}","templated":true}]}}