{"id":5082,"date":"2024-07-23T23:50:15","date_gmt":"2024-07-23T23:50:15","guid":{"rendered":"https:\/\/infozamoraec.com\/?p=5082"},"modified":"2024-07-23T23:50:15","modified_gmt":"2024-07-23T23:50:15","slug":"fiscalia-allana-empresa-del-alcalde-de-guayaquil-aquiles-alvarez","status":"publish","type":"post","link":"https:\/\/infozamoraec.com\/index.php\/2024\/07\/23\/fiscalia-allana-empresa-del-alcalde-de-guayaquil-aquiles-alvarez\/","title":{"rendered":"Fiscal\u00eda allana empresa del alcalde de Guayaquil, Aquiles \u00c1lvarez"},"content":{"rendered":"<p>La Fiscal\u00eda ha allanado oficinas de una empresa de propiedad del alcalde de Guayaquil,\u00a0<strong>Aquiles \u00c1lvarez<\/strong>, seg\u00fan lo confirmado el propio alcalde en su cuenta de X.\u00a0<strong>\u00abNuestra posici\u00f3n es de total apertura para que hagan su trabajo, con la confianza de que actuar\u00e1n con t\u00e9cnica y justicia. De nuestro lado no hay nada que ocultar ni nada que temer\u00bb<\/strong>, ha dicho \u00c1lvarez.<\/p>\n<p>El alcalde se ha pronunciado despu\u00e9s que\u00a0<strong>la Fiscal\u00eda anunci\u00f3 la ejecuci\u00f3n de siete allanamientos en Guayaquil y Milagro<\/strong>, \u00aben el marco de una investigaci\u00f3n por almacenamiento, transporte, envasado, comercializaci\u00f3n o distribuci\u00f3n ilegal de productos derivados de hidrocarburos\u00bb. El caso ha sido llamado Triple A, y la Fiscal\u00eda ha usado un logo con los colores de la bandera de Guayaquil combin\u00e1ndolos con s\u00edmbolos de la Revoluci\u00f3n Ciudadana.<\/p>\n<p>Entre los indicios levantados en los allanamientos simult\u00e1neos, seg\u00fan ha informado la Fiscal, se incluyen computadores, documentos, facturas y dispositivos electr\u00f3nicos.<\/p>\n<p>Los allanamientos han ocurrido d\u00edas despu\u00e9s que el gobierno del presidente Daniel Noboa presentara una denuncia por presunta distribuci\u00f3n ilegal de combustibles en contra del alcalde Aquiles \u00c1lvarez, sus tres hermanos, su empresa familiar y otras seis personas relacionadas con ese negocio.<\/p>\n<p>Durante la ma\u00f1ana, en Pascuales, el alcalde \u00c1lvarez dijo que el caso que investiga la Fiscal\u00eda\u00a0<strong>\u00abse trata de un asunto personal\u00bb.<\/strong>\u00a0<strong>\u201cPor ah\u00ed me comentaron algunas cosas, alg\u00fan tema de un golpe medi\u00e1tico. Nosotros no tenemos ning\u00fan temor. Y eso es un tema que estar\u00e1 en la Fiscal\u00eda y los abogados de la empresa acusada, y a nosotros que nos quieren involucrar, responder\u00e1n en su momento\u201d<\/strong>, dijo.<\/p>\n<p>Ocurrido el hecho, \u00c1lvarez ha protestado por el uso de los colores de Guayaquil en el logo difundido por la cuenta de X de la Fiscal\u00eda.\u00a0<strong>\u00abQu\u00e9 pena que usen los colores sagrados de la bandera de Guayaquil\u00bb<\/strong>, ha posteado.<\/p>\n","protected":false},"excerpt":{"rendered":"<p>La Fiscal\u00eda ha allanado oficinas de una empresa de propiedad del alcalde de Guayaquil,\u00a0Aquiles \u00c1lvarez, seg\u00fan lo confirmado el propio alcalde en su cuenta de X.\u00a0\u00abNuestra posici\u00f3n es de total apertura para que hagan su trabajo, con la confianza de que actuar\u00e1n con t\u00e9cnica y justicia. De nuestro lado no hay nada que ocultar ni [&hellip;]<\/p>\n","protected":false},"author":1,"featured_media":5084,"comment_status":"open","ping_status":"open","sticky":false,"template":"","format":"standard","meta":{"footnotes":""},"categories":[12],"tags":[],"_links":{"self":[{"href":"https:\/\/infozamoraec.com\/index.php\/wp-json\/wp\/v2\/posts\/5082"}],"collection":[{"href":"https:\/\/infozamoraec.com\/index.php\/wp-json\/wp\/v2\/posts"}],"about":[{"href":"https:\/\/infozamoraec.com\/index.php\/wp-json\/wp\/v2\/types\/post"}],"author":[{"embeddable":true,"href":"https:\/\/infozamoraec.com\/index.php\/wp-json\/wp\/v2\/users\/1"}],"replies":[{"embeddable":true,"href":"https:\/\/infozamoraec.com\/index.php\/wp-json\/wp\/v2\/comments?post=5082"}],"version-history":[{"count":1,"href":"https:\/\/infozamoraec.com\/index.php\/wp-json\/wp\/v2\/posts\/5082\/revisions"}],"predecessor-version":[{"id":5085,"href":"https:\/\/infozamoraec.com\/index.php\/wp-json\/wp\/v2\/posts\/5082\/revisions\/5085"}],"wp:featuredmedia":[{"embeddable":true,"href":"https:\/\/infozamoraec.com\/index.php\/wp-json\/wp\/v2\/media\/5084"}],"wp:attachment":[{"href":"https:\/\/infozamoraec.com\/index.php\/wp-json\/wp\/v2\/media?parent=5082"}],"wp:term":[{"taxonomy":"category","embeddable":true,"href":"https:\/\/infozamoraec.com\/index.php\/wp-json\/wp\/v2\/categories?post=5082"},{"taxonomy":"post_tag","embeddable":true,"href":"https:\/\/infozamoraec.com\/index.php\/wp-json\/wp\/v2\/tags?post=5082"}],"curies":[{"name":"wp","href":"https:\/\/api.w.org\/{rel}","templated":true}]}}