{"id":5060,"date":"2024-07-23T01:44:34","date_gmt":"2024-07-23T01:44:34","guid":{"rendered":"https:\/\/infozamoraec.com\/?p=5060"},"modified":"2024-07-23T01:52:04","modified_gmt":"2024-07-23T01:52:04","slug":"terror-en-camilo-ponce-enriquez-por-masacres-y-atentados-terroristas","status":"publish","type":"post","link":"https:\/\/infozamoraec.com\/index.php\/2024\/07\/23\/terror-en-camilo-ponce-enriquez-por-masacres-y-atentados-terroristas\/","title":{"rendered":"Terror en Camilo Ponce Enr\u00edquez por masacres y atentados terroristas"},"content":{"rendered":"<p>Seis hombres asesinados, de estos dos decapitados y 12 posibles terroristas detenidos, es el resultado de las jornadas de violencia que se registraron el fin de semana en el cant\u00f3n azuayo Camilo Ponce Enr\u00edquez.<\/p>\n<p>Los hechos de terror iniciaron la ma\u00f1ana del s\u00e1bado 20 de julio con los asesinatos del ecuatoriano V\u00edctor Rafael Yunga Jame y el venezolano Alexander Alejandro Chirinos P\u00e9rez, quienes eran trabajadores mineros.<\/p>\n<p>Este ataque criminal se registr\u00f3 en una mina ubicada en el sector de Bella Rica, hasta donde llegaron al menos ocho sujetos, cuatro de estos con acento colombiano.<\/p>\n<p>Los individuos, vestidos con uniformes negros tipo guardias de seguridad, portando chalecos y armas tipo fusil, sometieron a todos los trabajadores.<\/p>\n<p>Estos delincuentes buscaban informaci\u00f3n sobre los responsables por un ataque en una mina, hecho que el que se quemaron volquetas y las instalaciones.<\/p>\n<p>A causa que nadie les respondi\u00f3, los terroristas dispararon en contra de Yunga y Chirinos, quienes tuvieron muertes instant\u00e1neas.<\/p>\n<p>Ante este hecho violento elementos de las Fuerzas Armadas y Polic\u00eda Nacional realizaron un operativo, que consisti\u00f3 en recuperar los cad\u00e1veres, que fueron trasladados hasta el Centro Forense de Machala.<\/p>\n<p>En la tarde de este s\u00e1bado y la ma\u00f1ana del domingo nuevamente se registraron enfrentamientos, los cientos de disparos que se daban en los sectores donde est\u00e1n las minas se escuchaban en el centro del cant\u00f3n azuayo.<\/p>\n<p>MUNICIONES<\/p>\n<p>Los militares y polic\u00edas nuevamente incursionaron en el sector minero con el objetivo de controlar y asegurar el \u00e1rea, pues en el lugar se registraron los enfrentamientos entre los grupos delictivos.<\/p>\n<p>Entre los primeros hallazgos se encontraron armas, municiones de fusil, alimentadoras explosivos y otros indicios.<\/p>\n<p>11 DETENIDOS<\/p>\n<p>Los uniformados llegaron al sector de La Independencia, pues tuvieron conocimiento en uno de los grupos terroristas se escond\u00edan en este sector.<\/p>\n<p>Al llegar rompieron las seguridades de una puerta blindada y se encontr\u00f3 al menos 20 sujetos, que estaban armados y realizaron disparos en contra de los militares.<\/p>\n<p>Tras un enfrentamiento que dur\u00f3 casi una hora se logr\u00f3 las aprehensiones de<\/p>\n<p>11 personas de nacionalidad ecuatoriana y colombiana, que son parte de grupos irregulares armados.<\/p>\n<p>Adem\u00e1s, se encontraron armas, municiones y explosivos, que fueron retirados como indicios de los hechos violentos.<\/p>\n<p>CUATRO MUERTOS<\/p>\n<p>Cuando los militares realizaron un recorrido en este sector, en medio de la v\u00eda encontraron el cad\u00e1ver de un hombre decapitado. La cabeza se encontraba a pocos metros.<\/p>\n<p>Adem\u00e1s, realizaron el hallazgo de tres cad\u00e1veres m\u00e1s, uno de estos tambi\u00e9n decapitado y todos presentan huellas de disparos.<\/p>\n<p>Tambi\u00e9n se encontraron carros y motocicletas incendiadas, que ser\u00edan de propiedad de trabajadores mineros de la zona.<\/p>\n<p>Los cuerpos fueron ingresados hasta el Centro Forense de Machala donde permanecen sin ser identificados y aun no se conoce si eran trabajadores mineros o miembros del alg\u00fan grupo terrorista.<\/p>\n<p>TERRORISTA<\/p>\n<p>Un ataque terrorista fue frustrado, pues seg\u00fan un informe, dos sujetos armados con fusiles, dispararon en contra de un bus de transporte de pasajeros.<\/p>\n<p>Los antisociales nunca se percataron que cerca del lugar hab\u00eda personal militar, que al escuchar las detonaciones iniciaron un operativo.<\/p>\n<p>Para evitar ser capturados, los sospechoso dispararon en contra de los gendarmes, que mediante el uso progresivo de la fuerza respondieron el ataque e inici\u00f3 un enfrentamiento.<\/p>\n<p>Jhonatan V., quien ser\u00eda uno de los terroristas y que recibi\u00f3 un disparo en el brazo izquierdo, fue neutralizado; mientras que el sujeto que lo acompa\u00f1aba logr\u00f3 escapar por la maleza.<\/p>\n","protected":false},"excerpt":{"rendered":"<p>Seis hombres asesinados, de estos dos decapitados y 12 posibles terroristas detenidos, es el resultado de las jornadas de violencia que se registraron el fin de semana en el cant\u00f3n azuayo Camilo Ponce Enr\u00edquez. Los hechos de terror iniciaron la ma\u00f1ana del s\u00e1bado 20 de julio con los asesinatos del ecuatoriano V\u00edctor Rafael Yunga Jame [&hellip;]<\/p>\n","protected":false},"author":1,"featured_media":5063,"comment_status":"open","ping_status":"open","sticky":false,"template":"","format":"standard","meta":{"footnotes":""},"categories":[12],"tags":[],"_links":{"self":[{"href":"https:\/\/infozamoraec.com\/index.php\/wp-json\/wp\/v2\/posts\/5060"}],"collection":[{"href":"https:\/\/infozamoraec.com\/index.php\/wp-json\/wp\/v2\/posts"}],"about":[{"href":"https:\/\/infozamoraec.com\/index.php\/wp-json\/wp\/v2\/types\/post"}],"author":[{"embeddable":true,"href":"https:\/\/infozamoraec.com\/index.php\/wp-json\/wp\/v2\/users\/1"}],"replies":[{"embeddable":true,"href":"https:\/\/infozamoraec.com\/index.php\/wp-json\/wp\/v2\/comments?post=5060"}],"version-history":[{"count":1,"href":"https:\/\/infozamoraec.com\/index.php\/wp-json\/wp\/v2\/posts\/5060\/revisions"}],"predecessor-version":[{"id":5064,"href":"https:\/\/infozamoraec.com\/index.php\/wp-json\/wp\/v2\/posts\/5060\/revisions\/5064"}],"wp:featuredmedia":[{"embeddable":true,"href":"https:\/\/infozamoraec.com\/index.php\/wp-json\/wp\/v2\/media\/5063"}],"wp:attachment":[{"href":"https:\/\/infozamoraec.com\/index.php\/wp-json\/wp\/v2\/media?parent=5060"}],"wp:term":[{"taxonomy":"category","embeddable":true,"href":"https:\/\/infozamoraec.com\/index.php\/wp-json\/wp\/v2\/categories?post=5060"},{"taxonomy":"post_tag","embeddable":true,"href":"https:\/\/infozamoraec.com\/index.php\/wp-json\/wp\/v2\/tags?post=5060"}],"curies":[{"name":"wp","href":"https:\/\/api.w.org\/{rel}","templated":true}]}}