{"id":5054,"date":"2024-07-23T01:40:25","date_gmt":"2024-07-23T01:40:25","guid":{"rendered":"https:\/\/infozamoraec.com\/?p=5054"},"modified":"2024-07-23T01:52:25","modified_gmt":"2024-07-23T01:52:25","slug":"alcalde-de-duran-acusa-al-gobierno-de-reducir-calificacion-del-riesgo-que-enfrenta","status":"publish","type":"post","link":"https:\/\/infozamoraec.com\/index.php\/2024\/07\/23\/alcalde-de-duran-acusa-al-gobierno-de-reducir-calificacion-del-riesgo-que-enfrenta\/","title":{"rendered":"Alcalde de Dur\u00e1n acusa al Gobierno de reducir calificaci\u00f3n del riesgo que enfrenta"},"content":{"rendered":"<p>El alcalde de Dur\u00e1n,\u00a0<strong><a href=\"https:\/\/www.larepublica.ec\/blog\/2023\/05\/24\/luis-chonillo-salio-del-pais-tras-el-ataque-en-su-contra\/\" target=\"_blank\" rel=\"noopener\">Luis Chonillo<\/a><\/strong>, que cuenta con medidas cautelares otorgadas por la\u00a0<strong><a href=\"https:\/\/www.oas.org\/es\/cidh\/jsForm\/?File=\/es\/cidh\/prensa\/comunicados\/2023\/242.asp\" target=\"_blank\" rel=\"noopener\">Comisi\u00f3n Interamericana de Derechos Humanos (CIDH)<\/a><\/strong>\u00a0tras haber sobrevivido a un atentado y estar seriamente amenazado de muerte por las bandas el crimen organizado, denunci\u00f3 este lunes que el Gobierno emiti\u00f3 un informe donde le reduce la calificaci\u00f3n de riesgo que enfrenta.<\/p>\n<p>En un mensaje publicado en su cuenta de la red social X, Chonillo manifest\u00f3 su sospresa al enterarse\u00a0<strong>que el Gobierno le hab\u00eda rebajado la calificaci\u00f3n de riesgo de \u00abmuy alto\u00bb a \u00abalto\u00bb<\/strong>, lo que influye en los recursos y el dispositivo de seguridad que lo acompa\u00f1a para garantizar su protecci\u00f3n.<\/p>\n<p>El alcalde, que desde el atentado sufrido ha debido tomar medidas de seguridad extraordinarias como enviar a su familia fuera del pa\u00eds y no dormir de manera continua en el mismo lugar, se\u00f1al\u00f3 que el Gobierno le rebaj\u00f3 el riesgo \u00aba pesar de haber presentado todas las pruebas de las reiteradas amenazas y hechos violentos ocurridos en las inmediaciones del municipio, que son de conocimiento p\u00fablico\u00bb.<\/p>\n<h2 class=\"wp-block-heading\">\u00abManiobras pol\u00edticas\u00bb<\/h2>\n<p>Chonillo solicit\u00f3 p\u00fablicamente a la\u00a0<strong>Polic\u00eda Nacional<\/strong>\u00a0de Ecuador que se rectifique ese informe y, \u00abde ser necesario, que se proceda a realizar una nueva entrevista, para que se consideren de forma t\u00e9cnica los par\u00e1metros que determinan\u00bb el riesgo al que est\u00e1 expuesto.<\/p>\n<p><strong>\u00abNo quisiera pensar que se trata de maniobras pol\u00edticas que interfieran en el trabajo t\u00e9cnico de la autoridad policial porque ya no solo tendr\u00eda que cuidarme de las mafias. Conf\u00edo en la institucionalidad y en la garant\u00eda de mis derechos a la integridad y a la vida. Que ser valiente no salga tan caro, que ser cobarde no valga la pena\u00bb<\/strong>, concluy\u00f3.<\/p>\n<p>Las medidas otorgadas por la CIDH ordenan al Estado ecuatoriano adoptar las medidas necesarias para preservar la vida e integridad personal de Chonillo y de su familia y concertarlas con ellos, as\u00ed como a investigar los presuntos hechos que dieron lugar a la adopci\u00f3n de las presentes medidas cautelares y as\u00ed evitar su repetici\u00f3n.<\/p>\n<p>Dur\u00e1n forma parte del \u00e1rea metropolitana de\u00a0<strong>Guayaquil\u00a0<\/strong>y est\u00e1 considerado como uno de los puntos m\u00e1s violentos por la presencia de las mafias, que en esta zona suelen disponer de puntos de acopio para los cargamentos de coca\u00edna que luego pretenden enviar hacia\u00a0<strong>Europa\u00a0<\/strong>y\u00a0<strong>Norteam\u00e9rica\u00a0<\/strong>en contenedores de mercanc\u00edas a trav\u00e9s del puerto de Guayaquil.<\/p>\n<p>Chonillo sufri\u00f3 un atentado pocos d\u00edas despu\u00e9s de asumir el cargo de alcalde de Dur\u00e1n, cuando el 15 de mayo de 2023 se dirig\u00eda a la sesi\u00f3n inaugural del concejo municipal, momento en el que cuatro personas desde otro autom\u00f3vil comenzaron a disparar al veh\u00edculo donde viajaba.<\/p>\n<h2 class=\"wp-block-heading\">Medidas cautelares y violencia<\/h2>\n<p><strong>Producto del ataque murieron dos polic\u00edas que lo escoltaban y otra persona m\u00e1s que se encontraba en el lugar<\/strong>, mientras que el alcalde, despu\u00e9s de chocar contra un cami\u00f3n, pudo huir a pie y refugiarse en una casa.<\/p>\n<p>Al menos cuatro alcaldes han sido asesinados desde inicios de 2024 en Ecuador, en una espiral de violencia criminal que tambi\u00e9n ha alcanzado tambi\u00e9n a funcionarios municipales de meno rango, entre ellos tambi\u00e9n de Dur\u00e1n.<\/p>\n<p>Ecuador es el primer pa\u00eds de Latinoam\u00e9rica en homicidios per capita, con una tasa de 47,2 por cada 100.000 habitanes en 2023, ocho veces mayor respecto al a\u00f1o 2016, producto del auge de la violencia de los grupos criminales, principalmente dedicados al narcotr\u00e1fico, aunque tambi\u00e9n est\u00e1n incursionando en la miner\u00eda ilegal.<\/p>\n<p>Desde inicios de a\u00f1o el presidente de Ecuador,\u00a0<strong>Daniel Noboa<\/strong>, elev\u00f3 la lucha contra el crimen organizado a la categor\u00eda de \u00abconflicto armado interno\u00bb, con lo que pas\u00f3 a catalogar a las bandas criminales como grupos terroristas y actores beligerantes no estatales. EFE<strong>\u00a0(I)<\/strong><\/p>\n<div>\n<div>\n<div class=\"trv-player-container\">\n<div class=\"trv-wrapper\">\n<div id=\"br_video_player_4e3a444c1f9fc5f6b6b9ec308ad92cc1c223d532\" class=\"trvd_video_player\">\n<div class=\"media-player\">\n<div class=\"trv-video\"><\/div>\n<\/div>\n<div><\/div>\n<p><img decoding=\"async\" src=\"https:\/\/ads.stickyadstv.com\/auto-user-sync?_fw_gdpr=0&amp;_fw_gdpr_consent=\" \/><img decoding=\"async\" src=\"https:\/\/ads.stickyadstv.com\/user-matching?id=2545&amp;_fw_gdpr=0&amp;_fw_gdpr_consent=\" \/><\/p>\n<\/div>\n<\/div>\n<\/div>\n<\/div>\n<\/div>\n","protected":false},"excerpt":{"rendered":"<p>El alcalde de Dur\u00e1n,\u00a0Luis Chonillo, que cuenta con medidas cautelares otorgadas por la\u00a0Comisi\u00f3n Interamericana de Derechos Humanos (CIDH)\u00a0tras haber sobrevivido a un atentado y estar seriamente amenazado de muerte por las bandas el crimen organizado, denunci\u00f3 este lunes que el Gobierno emiti\u00f3 un informe donde le reduce la calificaci\u00f3n de riesgo que enfrenta. En un [&hellip;]<\/p>\n","protected":false},"author":1,"featured_media":5057,"comment_status":"open","ping_status":"open","sticky":false,"template":"","format":"standard","meta":{"footnotes":""},"categories":[12],"tags":[],"_links":{"self":[{"href":"https:\/\/infozamoraec.com\/index.php\/wp-json\/wp\/v2\/posts\/5054"}],"collection":[{"href":"https:\/\/infozamoraec.com\/index.php\/wp-json\/wp\/v2\/posts"}],"about":[{"href":"https:\/\/infozamoraec.com\/index.php\/wp-json\/wp\/v2\/types\/post"}],"author":[{"embeddable":true,"href":"https:\/\/infozamoraec.com\/index.php\/wp-json\/wp\/v2\/users\/1"}],"replies":[{"embeddable":true,"href":"https:\/\/infozamoraec.com\/index.php\/wp-json\/wp\/v2\/comments?post=5054"}],"version-history":[{"count":2,"href":"https:\/\/infozamoraec.com\/index.php\/wp-json\/wp\/v2\/posts\/5054\/revisions"}],"predecessor-version":[{"id":5076,"href":"https:\/\/infozamoraec.com\/index.php\/wp-json\/wp\/v2\/posts\/5054\/revisions\/5076"}],"wp:featuredmedia":[{"embeddable":true,"href":"https:\/\/infozamoraec.com\/index.php\/wp-json\/wp\/v2\/media\/5057"}],"wp:attachment":[{"href":"https:\/\/infozamoraec.com\/index.php\/wp-json\/wp\/v2\/media?parent=5054"}],"wp:term":[{"taxonomy":"category","embeddable":true,"href":"https:\/\/infozamoraec.com\/index.php\/wp-json\/wp\/v2\/categories?post=5054"},{"taxonomy":"post_tag","embeddable":true,"href":"https:\/\/infozamoraec.com\/index.php\/wp-json\/wp\/v2\/tags?post=5054"}],"curies":[{"name":"wp","href":"https:\/\/api.w.org\/{rel}","templated":true}]}}