{"id":5053,"date":"2024-07-23T01:34:28","date_gmt":"2024-07-23T01:34:28","guid":{"rendered":"https:\/\/infozamoraec.com\/?p=5053"},"modified":"2024-07-23T01:53:47","modified_gmt":"2024-07-23T01:53:47","slug":"noboa-entrega-aval-a-la-prefectura-del-guayas-para-un-credito-de-la-caf-por-us50-millones","status":"publish","type":"post","link":"https:\/\/infozamoraec.com\/index.php\/2024\/07\/23\/noboa-entrega-aval-a-la-prefectura-del-guayas-para-un-credito-de-la-caf-por-us50-millones\/","title":{"rendered":"Noboa entrega aval a la Prefectura del Guayas para un cr\u00e9dito de la CAF por US$50 millones"},"content":{"rendered":"<p>El presidente de la Rep\u00fablica,\u00a0<strong><a title=\"Daniel Noboa Az\u00edn\" href=\"https:\/\/x.com\/DanielNoboaOk\" target=\"_blank\" rel=\"noopener\">Daniel Noboa Az\u00edn<\/a><\/strong>, ha entregado esta ma\u00f1ana 22 de julio de 2024 la<br \/>\ngarant\u00eda soberana\u00a0<strong>a la Prefectura del Guayas<\/strong>, para\u00a0<strong>un pr\u00e9stamo de USD 50 millones con el<br \/>\nBanco de Desarrollo de Am\u00e9rica Latina y el Caribe (CAF<\/strong>), a 15 a\u00f1os plazo, para financiar la construcci\u00f3n de proyectos de riego y drenaje, conectividad vial y acceso a vivienda social.<\/p>\n<p><strong>\u201cLa garant\u00eda soberana que hoy entregamos facilita la construcci\u00f3n de un pa\u00eds m\u00e1s justo y equitativo\u201d<\/strong>, ha dicho Noboa.<\/p>\n<p>Agreg\u00f3 que su gobierno\u00a0<strong>\u201crepresenta lo que se debe hacer; dando la cara y trabajando por el Ecuador. Haciendo que resplandezca un nuevo ma\u00f1ana para el pa\u00eds\u201d<\/strong>.<\/p>\n<p>La prefecta del Guayas,\u00a0<strong><a title=\"Marcela Agui\u00f1aga\" href=\"https:\/\/www.larepublica.ec\/blog\/2023\/10\/20\/marcela-aguinaga-dejen-gobernar-a-daniel-noboa\/\" target=\"_blank\" rel=\"noopener\">Marcela Agui\u00f1aga<\/a><\/strong>, de quien Noboa se refiri\u00f3 como \u00abnuestra querida Prefecta\u00bb, dijo que por meses se trabaj\u00f3 t\u00e9cnicamente para adquirir el financiamiento de la CAF:\u00a0<strong>\u201cGuayas tiene gente que se levanta todos los d\u00edas creyendo que es posible un mejor pa\u00eds\u201d<\/strong>.<\/p>\n<p>Noboa dijo tambi\u00e9n que el Gobierno Nacional trabaja por ordenar las finanzas del pa\u00eds, atendiendo obligaciones que administraciones anteriores dejaron con atrasos, como las deudas en pagos a los gobiernos aut\u00f3nomos descentralizados (GAD): \u201cCon este esfuerzo ganamos todas y todos, y as\u00ed forjamos un nuevo futuro, uno m\u00e1s fruct\u00edfero y seguro para las nuevas generaciones\u201d, dijo.<\/p>\n<p>El gobierno de Noboa ha entregado ya avales para cr\u00e9ditos de la CAF para Manab\u00ed, Pichincha, y los cantones Guayaquil y Portoviejo.\u00a0<strong>\u00abEstas acciones permiten transformar al Ecuador en un pa\u00eds de desarrollo, con esperanzas de cambio\u201d<\/strong>.<\/p>\n<p>La reuni\u00f3n entre Noboa y Agui\u00f1aga ha suscitado un intercambio de mensajes insultantes en X entre Noboa y el expresidente Correa.<\/p>\n","protected":false},"excerpt":{"rendered":"<p>El presidente de la Rep\u00fablica,\u00a0Daniel Noboa Az\u00edn, ha entregado esta ma\u00f1ana 22 de julio de 2024 la garant\u00eda soberana\u00a0a la Prefectura del Guayas, para\u00a0un pr\u00e9stamo de USD 50 millones con el Banco de Desarrollo de Am\u00e9rica Latina y el Caribe (CAF), a 15 a\u00f1os plazo, para financiar la construcci\u00f3n de proyectos de riego y drenaje, [&hellip;]<\/p>\n","protected":false},"author":1,"featured_media":5055,"comment_status":"open","ping_status":"open","sticky":false,"template":"","format":"standard","meta":{"footnotes":""},"categories":[12],"tags":[],"_links":{"self":[{"href":"https:\/\/infozamoraec.com\/index.php\/wp-json\/wp\/v2\/posts\/5053"}],"collection":[{"href":"https:\/\/infozamoraec.com\/index.php\/wp-json\/wp\/v2\/posts"}],"about":[{"href":"https:\/\/infozamoraec.com\/index.php\/wp-json\/wp\/v2\/types\/post"}],"author":[{"embeddable":true,"href":"https:\/\/infozamoraec.com\/index.php\/wp-json\/wp\/v2\/users\/1"}],"replies":[{"embeddable":true,"href":"https:\/\/infozamoraec.com\/index.php\/wp-json\/wp\/v2\/comments?post=5053"}],"version-history":[{"count":1,"href":"https:\/\/infozamoraec.com\/index.php\/wp-json\/wp\/v2\/posts\/5053\/revisions"}],"predecessor-version":[{"id":5056,"href":"https:\/\/infozamoraec.com\/index.php\/wp-json\/wp\/v2\/posts\/5053\/revisions\/5056"}],"wp:featuredmedia":[{"embeddable":true,"href":"https:\/\/infozamoraec.com\/index.php\/wp-json\/wp\/v2\/media\/5055"}],"wp:attachment":[{"href":"https:\/\/infozamoraec.com\/index.php\/wp-json\/wp\/v2\/media?parent=5053"}],"wp:term":[{"taxonomy":"category","embeddable":true,"href":"https:\/\/infozamoraec.com\/index.php\/wp-json\/wp\/v2\/categories?post=5053"},{"taxonomy":"post_tag","embeddable":true,"href":"https:\/\/infozamoraec.com\/index.php\/wp-json\/wp\/v2\/tags?post=5053"}],"curies":[{"name":"wp","href":"https:\/\/api.w.org\/{rel}","templated":true}]}}