{"id":5015,"date":"2024-07-19T17:21:11","date_gmt":"2024-07-19T17:21:11","guid":{"rendered":"https:\/\/infozamoraec.com\/?p=5015"},"modified":"2024-07-19T17:21:11","modified_gmt":"2024-07-19T17:21:11","slug":"diana-salazar-asegura-que-la-asambleista-gissela-garzon-si-obtuvo-informacion-personal-de-su-embarazo","status":"publish","type":"post","link":"https:\/\/infozamoraec.com\/index.php\/2024\/07\/19\/diana-salazar-asegura-que-la-asambleista-gissela-garzon-si-obtuvo-informacion-personal-de-su-embarazo\/","title":{"rendered":"Diana Salazar asegura que la asamble\u00edsta Gissela Garz\u00f3n s\u00ed obtuvo informaci\u00f3n personal de su embarazo"},"content":{"rendered":"<div class=\"cp-excerpt-xl\">\n<p>La\u00a0<a href=\"https:\/\/www.ecuavisa.com\/metadatos\/-\/meta\/diana-salazar\" target=\"_blank\" rel=\"noopener noreferrer nofollow\">fiscal general Diana Salazar<\/a>\u00a0asegur\u00f3 que la asamble\u00edsta de la Revoluci\u00f3n Ciudadana, Gissela Garz\u00f3n, s\u00ed obtuvo informaci\u00f3n privada de su embarazo tras un pedido de seguimiento de su juicio pol\u00edtico al Consejo de Administraci\u00f3n Legislativa (CAL) de la Asamblea.<\/p>\n<p>\u00abDi a conocer un seguimiento a mi diagn\u00f3stico, que \u00fanicamente fue presentado ante el CAL. Sin embargo, despu\u00e9s de la petici\u00f3n que realiz\u00f3 la asamble\u00edsta y en la que es invitada al CAL, ella tiene acceso a mi historia cl\u00ednica\u00bb, dijo.<\/p>\n<p>Adem\u00e1s, se\u00f1al\u00f3 que dicha informaci\u00f3n luego fue ventilada en redes sociales por el expresidente Rafael Correa para \u00abhacer mofa\u00bb de su estado de salud e incluso para insinuar que no est\u00e1 embarazada, cont\u00f3 en una entrevista con el medio digital Visionarias, este viernes 19 de julio.<\/p>\n<p>Tambi\u00e9n asegur\u00f3 que Correa hizo un post \u00aben el que amenaza a mi m\u00e9dico indicando que puede ser objeto de sanci\u00f3n por el otorgamiento de certificados m\u00e9dicos falsos\u00bb.<\/p>\n<h2>Salazar contradice a Garz\u00f3n<\/h2>\n<p>La legisladora Gissela Garz\u00f3n, por su parte, ha sostenido que ella nunca ha pedido informaci\u00f3n del estado de gestaci\u00f3n de la Fiscal, solo, dijo, solicit\u00f3 un seguimiento al proceso de juicio pol\u00edtico, que se encuentra suspendido, para no perder su rol de fiscalizadores. Resalt\u00f3 que no ha recibido informaci\u00f3n privada de Salazar.<\/p>\n<p>En cambio, Salazar dice que Garz\u00f3n \u00abmiente, como est\u00e1n acostumbrados en la organizaci\u00f3n a la que pertenece la asamble\u00edsta\u00bb y por eso se procedi\u00f3 con una denuncia por el presunto delito de difusi\u00f3n de informaci\u00f3n de circulaci\u00f3n restringida.<\/p>\n<p>Este medio contact\u00f3 a Gissela Garz\u00f3n a las 08:56, v\u00eda mensaje de WhatsApp, para buscar una reacci\u00f3n, pero hasta la publicaci\u00f3n de esta nota a\u00fan no ha respondido.<\/p>\n<h2>Wilman Ter\u00e1n hizo \u00abshow\u00bb<\/h2>\n<p>Salazar dijo que est\u00e1 de vacaciones, pero eso no significa que los casos como Met\u00e1stasis, Purga, Independencia Judicial se vayan a estancar, sino que seguir\u00e1n avanzando porque a su criterio est\u00e1n bien fundamentados. \u00abQue las mafias no se alegren (que est\u00e9 de vacaciones) los casos seguir\u00e1n avanzando\u00bb, dijo.<\/p>\n<p>Respecto a Wilman Ter\u00e1n, dijo que lo hizo en la Asamblea fue un \u00abshow\u00bb y que los supuestos chats que tuvo con ella buscan evadir la justicia. \u00bfDe d\u00f3nde saca ese celular si ya se le incaut\u00f3 en el caso Met\u00e1stasis?, puso a consideraci\u00f3n.<\/p>\n<h2>Testimonio de Mayra Salazar<\/h2>\n<p>La fiscal abord\u00f3 los audios en los que supuestamente el caso Purga ser\u00eda un montaje y que tiene a Mayra Salazar como art\u00edfice para ello. La titular del Ministerio P\u00fablico que la versi\u00f3n de la procesada es sometida a verificaci\u00f3n y se corrobora con hechos. \u00abLos casos se sostienen porque son fuertes\u00bb, sentenci\u00f3.<\/p>\n<h2>Elecci\u00f3n del nuevo\/a Fiscal<\/h2>\n<p>Diana Salazar dejar\u00e1 el cargo de fiscal en abril de 2025, y en el Consejo de Participaci\u00f3n Ciudadana (Cpccs) ya se aprestan a elaborar un reglamento para el concurso.<\/p>\n<p>Si quedan juicios pendientes para el pr\u00f3ximo Fiscal, asegura que ser\u00e1 dif\u00edcil que da\u00f1e los casos, en caso de que esa sea la intenci\u00f3n, \u00abporque son fuertes y se van a sostener, las pruebas hablan por su cuenta\u00bb. Entonces, sentenci\u00f3, \u00abva a ser complicado que quien asuma pueda da\u00f1ar los casos\u00bb.<\/p>\n<p>&nbsp;<\/p>\n<\/div>\n","protected":false},"excerpt":{"rendered":"<p>La\u00a0fiscal general Diana Salazar\u00a0asegur\u00f3 que la asamble\u00edsta de la Revoluci\u00f3n Ciudadana, Gissela Garz\u00f3n, s\u00ed obtuvo informaci\u00f3n privada de su embarazo tras un pedido de seguimiento de su juicio pol\u00edtico al Consejo de Administraci\u00f3n Legislativa (CAL) de la Asamblea. \u00abDi a conocer un seguimiento a mi diagn\u00f3stico, que \u00fanicamente fue presentado ante el CAL. Sin embargo, [&hellip;]<\/p>\n","protected":false},"author":1,"featured_media":5019,"comment_status":"open","ping_status":"open","sticky":false,"template":"","format":"standard","meta":{"footnotes":""},"categories":[12],"tags":[],"_links":{"self":[{"href":"https:\/\/infozamoraec.com\/index.php\/wp-json\/wp\/v2\/posts\/5015"}],"collection":[{"href":"https:\/\/infozamoraec.com\/index.php\/wp-json\/wp\/v2\/posts"}],"about":[{"href":"https:\/\/infozamoraec.com\/index.php\/wp-json\/wp\/v2\/types\/post"}],"author":[{"embeddable":true,"href":"https:\/\/infozamoraec.com\/index.php\/wp-json\/wp\/v2\/users\/1"}],"replies":[{"embeddable":true,"href":"https:\/\/infozamoraec.com\/index.php\/wp-json\/wp\/v2\/comments?post=5015"}],"version-history":[{"count":1,"href":"https:\/\/infozamoraec.com\/index.php\/wp-json\/wp\/v2\/posts\/5015\/revisions"}],"predecessor-version":[{"id":5020,"href":"https:\/\/infozamoraec.com\/index.php\/wp-json\/wp\/v2\/posts\/5015\/revisions\/5020"}],"wp:featuredmedia":[{"embeddable":true,"href":"https:\/\/infozamoraec.com\/index.php\/wp-json\/wp\/v2\/media\/5019"}],"wp:attachment":[{"href":"https:\/\/infozamoraec.com\/index.php\/wp-json\/wp\/v2\/media?parent=5015"}],"wp:term":[{"taxonomy":"category","embeddable":true,"href":"https:\/\/infozamoraec.com\/index.php\/wp-json\/wp\/v2\/categories?post=5015"},{"taxonomy":"post_tag","embeddable":true,"href":"https:\/\/infozamoraec.com\/index.php\/wp-json\/wp\/v2\/tags?post=5015"}],"curies":[{"name":"wp","href":"https:\/\/api.w.org\/{rel}","templated":true}]}}