{"id":5005,"date":"2024-07-19T16:33:50","date_gmt":"2024-07-19T16:33:50","guid":{"rendered":"https:\/\/infozamoraec.com\/?p=5005"},"modified":"2024-07-19T16:33:50","modified_gmt":"2024-07-19T16:33:50","slug":"condenan-a-quince-meses-a-alias-estimado-la-mano-derecha-de-leandro-norero-tras-acordar-una-cooperacion-eficaz","status":"publish","type":"post","link":"https:\/\/infozamoraec.com\/index.php\/2024\/07\/19\/condenan-a-quince-meses-a-alias-estimado-la-mano-derecha-de-leandro-norero-tras-acordar-una-cooperacion-eficaz\/","title":{"rendered":"Condenan a quince meses a \u00abalias Estimado\u00bb, la mano derecha de Leandro Norero, tras acordar una \u00abcooperaci\u00f3n eficaz\u00bb"},"content":{"rendered":"<p><strong>Helive Angulo<\/strong>, mano derecha del difunto l\u00edder criminal y presunto narcotraficante ecuatoriano\u00a0<strong>Leandro Norero<\/strong>, fue\u00a0<strong>condenado este jueves a un a\u00f1o y tres meses de prisi\u00f3n por delincuencia organizada<\/strong>\u00a0dentro del\u00a0<strong>caso Met\u00e1stasis<\/strong>, una trama de corrupci\u00f3n que revel\u00f3 la infiltraci\u00f3n de Norero y otros secuaces dentro de las instituciones estatales de Ecuador.<\/p>\n<p>Angulo, apodado en el caso Met\u00e1stasis como \u2018Estimado\u2019, recibi\u00f3 la condena en\u00a0<strong>una audiencia de procedimiento abreviado en la que acept\u00f3 los cargos por delincuencia organizada a cambio de recibir una reducci\u00f3n de la condena y tras firmar un acuerdo de cooperaci\u00f3n eficaz<\/strong>\u00a0(delaci\u00f3n premiada) y ofrecer informaci\u00f3n que ha sido contrastada y verificada por la Fiscal\u00eda.<\/p>\n<p>El juez de la Corte Nacional de Justicia que estuvo a cargo del juicio impuso adem\u00e1s a Angulo una multa de doce salarios b\u00e1sicos unificados (5.520 d\u00f3lares) y de una reparaci\u00f3n integral de 11.040 d\u00f3lares al Estado.<\/p>\n<p>Tambi\u00e9n orden\u00f3 el decomiso de los bienes incautados al hoy sentenciado y la obligaci\u00f3n de publicar sus disculpas p\u00fablicas en un medio de comunicaci\u00f3n.<\/p>\n<p>Durante el juicio, el fiscal Wilson Toainga manifest\u00f3\u00a0<strong>que Angulo consegu\u00eda acercamientos con jueces de Cotopaxi y que mantuvo una reuni\u00f3n con Wilman Ter\u00e1n, expresidente del Consejo de la Judicatura, en la que acordaban pagos para dilatar procesos y audiencias<\/strong>.<\/p>\n<p>Entre los elementos presentados ante el juez constan transcripciones de audio de conversaciones mantenidas con Leandro Norero, la declaraci\u00f3n de otro procesado que corrobor\u00f3 la existencia de reuniones con Ter\u00e1n, a quien el mi\u00e9rcoles el corre\u00edsmo salv\u00f3 de ser inhabilitado por la Asamblea Nacional en un juicio pol\u00edtico de censura en su contra.<\/p>\n<p>En este juicio tambi\u00e9n se presentaron como pruebas informes de la Unidad de An\u00e1lisis Financiero y Econ\u00f3mico, el informe pericial de identidad morfol\u00f3gica, documentaci\u00f3n, informe t\u00e9cnico pericial de inform\u00e1tica forense con anexos de materializaci\u00f3n de chats, entre otros.<\/p>\n<p>La trama de corrupci\u00f3n se descubri\u00f3 a partir del\u00a0<strong>an\u00e1lisis de las comunicaciones telef\u00f3nicas del presunto narcotraficante y lavador de dinero Leandro \u2018Norero, asesinado en prisi\u00f3n en 2022<\/strong>, durante una de las masacres carcelarias registradas en Ecuador entre 2021 y 2023, periodo en el que han sido asesinados m\u00e1s de 500 presos por enfrentamientos entre bandas del crimen organizado que ten\u00edan los recintos carcelarios bajo su control.<\/p>\n<p>De acuerdo con la Polic\u00eda ecuatoriana,\u00a0<strong>Norero se encargaba desde la c\u00e1rcel de Latacunga, de financiar y auspiciar a Los Lobos, Los Tiguerones y los Chone Killers, entre otras bandas criminales que buscaban desplazar la hegemon\u00eda de la criminalidad organizada que ostentan Los Choneros<\/strong>, el grupo m\u00e1s antiguo y grande que opera en el pa\u00eds suramericano.<\/p>\n<p>Tambi\u00e9n a partir de caso Met\u00e1stasis se deriv\u00f3 el caso Purga, donde actualmente hay una docena de imputados por una presunta trama de corrupci\u00f3n judicial en el seno de la Corte de Justicia de la costera provincia de Guayas, que dio fallos favorables al narcotraficante Jos\u00e9 Adolfo Mac\u00edas Villamar (\u2018Fito\u2019), el l\u00edder de Los Choneros, entre otras sentencias cuestionables. EFE<\/p>\n","protected":false},"excerpt":{"rendered":"<p>Helive Angulo, mano derecha del difunto l\u00edder criminal y presunto narcotraficante ecuatoriano\u00a0Leandro Norero, fue\u00a0condenado este jueves a un a\u00f1o y tres meses de prisi\u00f3n por delincuencia organizada\u00a0dentro del\u00a0caso Met\u00e1stasis, una trama de corrupci\u00f3n que revel\u00f3 la infiltraci\u00f3n de Norero y otros secuaces dentro de las instituciones estatales de Ecuador. Angulo, apodado en el caso Met\u00e1stasis [&hellip;]<\/p>\n","protected":false},"author":1,"featured_media":5009,"comment_status":"open","ping_status":"open","sticky":false,"template":"","format":"standard","meta":{"footnotes":""},"categories":[12],"tags":[],"_links":{"self":[{"href":"https:\/\/infozamoraec.com\/index.php\/wp-json\/wp\/v2\/posts\/5005"}],"collection":[{"href":"https:\/\/infozamoraec.com\/index.php\/wp-json\/wp\/v2\/posts"}],"about":[{"href":"https:\/\/infozamoraec.com\/index.php\/wp-json\/wp\/v2\/types\/post"}],"author":[{"embeddable":true,"href":"https:\/\/infozamoraec.com\/index.php\/wp-json\/wp\/v2\/users\/1"}],"replies":[{"embeddable":true,"href":"https:\/\/infozamoraec.com\/index.php\/wp-json\/wp\/v2\/comments?post=5005"}],"version-history":[{"count":1,"href":"https:\/\/infozamoraec.com\/index.php\/wp-json\/wp\/v2\/posts\/5005\/revisions"}],"predecessor-version":[{"id":5010,"href":"https:\/\/infozamoraec.com\/index.php\/wp-json\/wp\/v2\/posts\/5005\/revisions\/5010"}],"wp:featuredmedia":[{"embeddable":true,"href":"https:\/\/infozamoraec.com\/index.php\/wp-json\/wp\/v2\/media\/5009"}],"wp:attachment":[{"href":"https:\/\/infozamoraec.com\/index.php\/wp-json\/wp\/v2\/media?parent=5005"}],"wp:term":[{"taxonomy":"category","embeddable":true,"href":"https:\/\/infozamoraec.com\/index.php\/wp-json\/wp\/v2\/categories?post=5005"},{"taxonomy":"post_tag","embeddable":true,"href":"https:\/\/infozamoraec.com\/index.php\/wp-json\/wp\/v2\/tags?post=5005"}],"curies":[{"name":"wp","href":"https:\/\/api.w.org\/{rel}","templated":true}]}}