{"id":4847,"date":"2024-07-12T02:11:23","date_gmt":"2024-07-12T02:11:23","guid":{"rendered":"https:\/\/infozamoraec.com\/?p=4847"},"modified":"2024-07-12T02:11:23","modified_gmt":"2024-07-12T02:11:23","slug":"nayib-bukele-se-que-estoy-siendo-totalmente-hugo-chavez","status":"publish","type":"post","link":"https:\/\/infozamoraec.com\/index.php\/2024\/07\/12\/nayib-bukele-se-que-estoy-siendo-totalmente-hugo-chavez\/","title":{"rendered":"Nayib Bukele: \u00abS\u00e9 que estoy siendo totalmente Hugo Ch\u00e1vez\u00bb"},"content":{"rendered":"<p>El presidente salvadore\u00f1o,\u00a0<a class=\"internal-link\" href=\"https:\/\/www.dw.com\/es\/bukele-nayib\/t-47302581\" target=\"_blank\" rel=\"noopener\">Nayib Bukele<\/a>, se compar\u00f3 este jueves (11.07.2024) con el difunto expresidente de\u00a0<a class=\"internal-link\" href=\"https:\/\/www.dw.com\/es\/venezuela\/t-17410652\" target=\"_blank\" rel=\"noopener\">Venezuela<\/a>\u00a0<a class=\"internal-link\" href=\"https:\/\/www.dw.com\/es\/hugo-ch%C3%A1vez\/t-17411727\" target=\"_blank\" rel=\"noopener\">Hugo Ch\u00e1vez<\/a>\u00a0por un proyecto de\u00a0<a class=\"internal-link\" href=\"https:\/\/www.dw.com\/es\/el-salvador-gobierno-tambi%C3%A9n-investiga-precios-en-farmacias\/a-69622994\" target=\"_blank\" rel=\"noopener\">agro-mercados gubernamentales<\/a>\u00a0en\u00a0<a class=\"internal-link\" href=\"https:\/\/www.dw.com\/es\/el-salvador\/t-17411929\" target=\"_blank\" rel=\"noopener\">El Salvador<\/a>.<\/p>\n<p>Esta iniciativa busca reducir la dependencia de importaciones y mejorar la soberan\u00eda alimentaria, en un contexto de aumento del costo de la canasta b\u00e1sica desde el inicio del primer mandato presidencial de Bukele. \u00abLo siento, chicos, s\u00e9 que estoy siendo totalmente Hugo Ch\u00e1vez\u00bb, public\u00f3 el gobernante salvadore\u00f1o en un mensaje en ingl\u00e9s en la red social X (antes\u00a0<em>Twitter<\/em>).<\/p>\n<p>El Gobierno salvadore\u00f1o ha habilitado algunos agro-mercados como medida para paliar los incrementos de los precios de los alimentos en el pa\u00eds centroamericano.<\/p>\n<p>\u00abEstamos duplicando el n\u00famero de agro-mercados, y los productores e importadores me dicen que pueden bajar los precios a\u00fan m\u00e1s debido al aumento en las ventas y al hecho de que ahora tambi\u00e9n pueden comprar sus suministros al por mayor\u00bb, afirm\u00f3 Bukele, sin precisar el n\u00famero de estos establecimientos o detallar las cifras de las ventas.<\/p>\n<p>A\u00f1adi\u00f3: \u00abLos productores de otros pa\u00edses se est\u00e1n poniendo en contacto con ellos porque tambi\u00e9n quieren una parte. Como el intermediario ya no los est\u00e1 extorsionando y sus ganancias se han triplicado, quieren apoyar este nuevo esquema con parte de su ganancia inesperada\u00bb.<\/p>\n<p>El mandatario salvadore\u00f1o -que a pesar de la prohibici\u00f3n constitucional reci\u00e9n inicia un\u00a0<a class=\"internal-link\" href=\"https:\/\/www.dw.com\/es\/bukele-asume-su-segundo-per%C3%ADodo-como-presidente-de-el-salvador\/a-69242250\" target=\"_blank\" rel=\"noopener\">segundo mandato consecutivo<\/a>&#8211; no ha dicho si con estos agro-mercados pueden o no suministrar alimentos a los m\u00e1s de seis millones de personas salvadore\u00f1as.<\/p>\n<h2><strong>La amenaza de Bukele versus la dependencia en las importaciones<\/strong><\/h2>\n<p>El 5 de julio pasado, Bukele llam\u00f3 a los importadores y distribuidores de alimentos que \u00abincrementan los precios de manera injustificada\u00bb a \u00abparar\u00bb de \u00ababusar del pueblo salvadore\u00f1o\u00bb y les orden\u00f3 bajar los precios o \u00abvan a tener problemas\u00bb.<\/p>\n<p>Analistas han se\u00f1alado que el problema de los precios de los alimentos en El Salvador se debe en parte a la inexistencia de una pol\u00edtica nacional de agricultura y a la alta dependencia de la importaci\u00f3n de comida.<\/p>\n<p>El presidente de la Asociaci\u00f3n C\u00e1mara Salvadore\u00f1a de Peque\u00f1os y Medianos Productores Agropecuarios (CAMPO), Luis Treminio, declar\u00f3 a la agencia<em>\u00a0EFE<\/em>\u00a0que \u00ablo que hay que garantizar primero es una soberan\u00eda alimentaria para no depender de los pa\u00edses productores\u00bb.<\/p>\n<p>Treminio explic\u00f3 que la dependencia de la importaci\u00f3n de alimentos es del 90 % para hortalizas y verduras; 60 % para derivados de la leche; 32 % para el ma\u00edz, 25 % para el fr\u00edjol y 33 % en el caso del arroz.<\/p>\n<p>De acuerdo con cifras oficiales, desde 2019 -cuando Bukele lleg\u00f3 al poder- la canasta b\u00e1sica de alimentos se ha incrementado en promedio 28 % en el \u00e1rea urbana y 26,4 % en la zona rural.<\/p>\n<p>ama (efe, diario El Salvador)<\/p>\n","protected":false},"excerpt":{"rendered":"<p>El presidente salvadore\u00f1o,\u00a0Nayib Bukele, se compar\u00f3 este jueves (11.07.2024) con el difunto expresidente de\u00a0Venezuela\u00a0Hugo Ch\u00e1vez\u00a0por un proyecto de\u00a0agro-mercados gubernamentales\u00a0en\u00a0El Salvador. Esta iniciativa busca reducir la dependencia de importaciones y mejorar la soberan\u00eda alimentaria, en un contexto de aumento del costo de la canasta b\u00e1sica desde el inicio del primer mandato presidencial de Bukele. \u00abLo siento, [&hellip;]<\/p>\n","protected":false},"author":1,"featured_media":4850,"comment_status":"open","ping_status":"open","sticky":false,"template":"","format":"standard","meta":{"footnotes":""},"categories":[8],"tags":[],"_links":{"self":[{"href":"https:\/\/infozamoraec.com\/index.php\/wp-json\/wp\/v2\/posts\/4847"}],"collection":[{"href":"https:\/\/infozamoraec.com\/index.php\/wp-json\/wp\/v2\/posts"}],"about":[{"href":"https:\/\/infozamoraec.com\/index.php\/wp-json\/wp\/v2\/types\/post"}],"author":[{"embeddable":true,"href":"https:\/\/infozamoraec.com\/index.php\/wp-json\/wp\/v2\/users\/1"}],"replies":[{"embeddable":true,"href":"https:\/\/infozamoraec.com\/index.php\/wp-json\/wp\/v2\/comments?post=4847"}],"version-history":[{"count":1,"href":"https:\/\/infozamoraec.com\/index.php\/wp-json\/wp\/v2\/posts\/4847\/revisions"}],"predecessor-version":[{"id":4851,"href":"https:\/\/infozamoraec.com\/index.php\/wp-json\/wp\/v2\/posts\/4847\/revisions\/4851"}],"wp:featuredmedia":[{"embeddable":true,"href":"https:\/\/infozamoraec.com\/index.php\/wp-json\/wp\/v2\/media\/4850"}],"wp:attachment":[{"href":"https:\/\/infozamoraec.com\/index.php\/wp-json\/wp\/v2\/media?parent=4847"}],"wp:term":[{"taxonomy":"category","embeddable":true,"href":"https:\/\/infozamoraec.com\/index.php\/wp-json\/wp\/v2\/categories?post=4847"},{"taxonomy":"post_tag","embeddable":true,"href":"https:\/\/infozamoraec.com\/index.php\/wp-json\/wp\/v2\/tags?post=4847"}],"curies":[{"name":"wp","href":"https:\/\/api.w.org\/{rel}","templated":true}]}}