{"id":4584,"date":"2024-07-03T00:47:27","date_gmt":"2024-07-03T00:47:27","guid":{"rendered":"https:\/\/infozamoraec.com\/?p=4584"},"modified":"2024-07-03T00:47:27","modified_gmt":"2024-07-03T00:47:27","slug":"fallecio-el-comunicador-argentino-carlos-alberto-vicente","status":"publish","type":"post","link":"https:\/\/infozamoraec.com\/index.php\/2024\/07\/03\/fallecio-el-comunicador-argentino-carlos-alberto-vicente\/","title":{"rendered":"Falleci\u00f3 el comunicador argentino Carlos Alberto Vicente"},"content":{"rendered":"<div class=\"cp-excerpt-xl\">\n<p>El comunicador\u00a0<a href=\"https:\/\/www.eluniverso.com\/2005\/04\/18\/0001\/1065\/45F2C36668144FC7A035266B4EF77F62.html\/\" target=\"_blank\" rel=\"noopener noreferrer nofollow\">Carlos Alberto Vicente<\/a>, de origen argentino y radicado en Guayaquil desde hace un poco m\u00e1s de tres d\u00e9cadas, acaba de fallecer la tarde de este martes 2 de julio. La noticia lamentable fue difundida por el periodista y pol\u00edtico Jimmy Jairala, en una publicaci\u00f3n de X (Twitter).<\/p>\n<p>\u201cNada m\u00e1s triste que comunicar a sus amigos, y a las miles de personas que lo conocieron, el fallecimiento de Carlos Alberto Vicente. Hace pocos minutos fue doblegado por una cruel enfermedad que nos priva de un hermano del alma. Nuestra profunda nota de pesar a su querida familia. Nos vemos en otro momento amado compadre\u201d, escribi\u00f3 el exprefecto del Guayas.<\/p>\n<p>La muerte tambi\u00e9n fue confirmada por la expresentadora de televisi\u00f3n Ana Buljubasich.<\/p>\n<p>Vicente es recordado como uno de los animadores m\u00e1s prol\u00edficos de la televisi\u00f3n ecuatoriana, especialmente durante la d\u00e9cada de los 90, haciendo mayor carrera en el canal TC Televisi\u00f3n. Comparti\u00f3 pantalla en producciones con Mariela Viteri, Gabriela Pazmi\u00f1o, Prisca Bustamante y Buljubasich. En sus \u00faltimos a\u00f1os tambi\u00e9n trabaj\u00f3 como asesora de la prefectura mientras Jairala estuvo en ese cargo.<\/p>\n<p>&nbsp;<\/p>\n<\/div>\n","protected":false},"excerpt":{"rendered":"<p>El comunicador\u00a0Carlos Alberto Vicente, de origen argentino y radicado en Guayaquil desde hace un poco m\u00e1s de tres d\u00e9cadas, acaba de fallecer la tarde de este martes 2 de julio. La noticia lamentable fue difundida por el periodista y pol\u00edtico Jimmy Jairala, en una publicaci\u00f3n de X (Twitter). \u201cNada m\u00e1s triste que comunicar a sus [&hellip;]<\/p>\n","protected":false},"author":1,"featured_media":4587,"comment_status":"open","ping_status":"open","sticky":false,"template":"","format":"standard","meta":{"footnotes":""},"categories":[12,44],"tags":[],"_links":{"self":[{"href":"https:\/\/infozamoraec.com\/index.php\/wp-json\/wp\/v2\/posts\/4584"}],"collection":[{"href":"https:\/\/infozamoraec.com\/index.php\/wp-json\/wp\/v2\/posts"}],"about":[{"href":"https:\/\/infozamoraec.com\/index.php\/wp-json\/wp\/v2\/types\/post"}],"author":[{"embeddable":true,"href":"https:\/\/infozamoraec.com\/index.php\/wp-json\/wp\/v2\/users\/1"}],"replies":[{"embeddable":true,"href":"https:\/\/infozamoraec.com\/index.php\/wp-json\/wp\/v2\/comments?post=4584"}],"version-history":[{"count":2,"href":"https:\/\/infozamoraec.com\/index.php\/wp-json\/wp\/v2\/posts\/4584\/revisions"}],"predecessor-version":[{"id":4589,"href":"https:\/\/infozamoraec.com\/index.php\/wp-json\/wp\/v2\/posts\/4584\/revisions\/4589"}],"wp:featuredmedia":[{"embeddable":true,"href":"https:\/\/infozamoraec.com\/index.php\/wp-json\/wp\/v2\/media\/4587"}],"wp:attachment":[{"href":"https:\/\/infozamoraec.com\/index.php\/wp-json\/wp\/v2\/media?parent=4584"}],"wp:term":[{"taxonomy":"category","embeddable":true,"href":"https:\/\/infozamoraec.com\/index.php\/wp-json\/wp\/v2\/categories?post=4584"},{"taxonomy":"post_tag","embeddable":true,"href":"https:\/\/infozamoraec.com\/index.php\/wp-json\/wp\/v2\/tags?post=4584"}],"curies":[{"name":"wp","href":"https:\/\/api.w.org\/{rel}","templated":true}]}}