{"id":4583,"date":"2024-07-03T00:45:56","date_gmt":"2024-07-03T00:45:56","guid":{"rendered":"https:\/\/infozamoraec.com\/?p=4583"},"modified":"2024-07-03T00:45:56","modified_gmt":"2024-07-03T00:45:56","slug":"asociacion-mundial-de-juristas-avala-nuevo-estado-de-excepcion-decretado-por-noboa","status":"publish","type":"post","link":"https:\/\/infozamoraec.com\/index.php\/2024\/07\/03\/asociacion-mundial-de-juristas-avala-nuevo-estado-de-excepcion-decretado-por-noboa\/","title":{"rendered":"Asociaci\u00f3n Mundial de Juristas avala nuevo estado de excepci\u00f3n decretado por Noboa"},"content":{"rendered":"<p><strong>Daniel Noboa<\/strong>, presidente del Ecuador, decret\u00f3 un nuevo estado de excepci\u00f3n focalizado en seis provincias y un cant\u00f3n por grave conflicto armado y conmoci\u00f3n interna. Lo hizo a trav\u00e9s del\u00a0<strong>Decreto Ejecutivo 318<\/strong> firmado la tarde de este 2 de julio de 2024.<\/p>\n<p>Las provincias en las que se estar\u00e1 en vigencia son:\u00a0<strong>Los R\u00edos<\/strong>,\u00a0<strong>Guayas<\/strong>,\u00a0<strong>Orellana<\/strong>,\u00a0<strong>Manab\u00ed<\/strong>,\u00a0<strong>Santa Elena<\/strong>,\u00a0<strong>El Oro<\/strong>\u00a0y el cant\u00f3n\u00a0<strong>Camilo Ponce Enr\u00edquez<\/strong>\u00a0de la provincia de\u00a0<strong><a title=\"Azuay\" href=\"https:\/\/www.larepublica.ec\/blog\/2024\/04\/17\/sicarios-asesinan-al-alcalde-ponce-enriquez-en-azuay\/\" target=\"_blank\" rel=\"noopener\">Azuay<\/a><\/strong>. La medida se aplicar\u00e1 durante sesenta d\u00edas.<\/p>\n<p>El estado de excepci\u00f3n restringe los derechos de inviolabilidad de domicilio y correspondencia, as\u00ed como el derecho a la libertad de reuni\u00f3n y asociaci\u00f3n. Tambi\u00e9n faculta la continuidad de la presencia militar y policial en las calles de las seis provincias y el cant\u00f3n en el que rige dicha medida.<\/p>\n<p>Tambi\u00e9n dispone la requisici\u00f3n de bienes en caso de \u00abextrema necesidad\u00bb El mandatario\u00a0<strong>Noboa\u00a0<\/strong>afirma que hay un incremento de delitos y presencia prolongada de grupos delictivos organizados en las provincias de\u00a0<strong>Los R\u00edos<\/strong>,\u00a0<strong>Guayas<\/strong>,\u00a0<strong>Orellana<\/strong>,\u00a0<strong>Manab\u00ed<\/strong>,\u00a0<strong>El Oro<\/strong>\u00a0y\u00a0<strong>Santa Elena<\/strong>.<\/p>\n<div class=\"google-auto-placed ap_container\"><ins class=\"adsbygoogle adsbygoogle-noablate\" data-ad-format=\"auto\" data-ad-client=\"ca-pub-3237191818559290\" data-adsbygoogle-status=\"done\" data-ad-status=\"unfilled\"><\/p>\n<div id=\"aswift_3_host\">Con la entrada en vigencia de este Decreto Ejecutivo, la <strong>Polic\u00eda Nacional<\/strong>\u00a0y las\u00a0<strong>Fuerzas Armadas<\/strong>\u00a0podr\u00e1n hacer allanamientos, inspecciones y requisas en dichas provincias. La finalidad, dice el documento, es dar con los miembros de grupos delictivos.<\/div>\n<p><\/ins><\/div>\n<p>Con la suspensi\u00f3n del derecho a la libertad de asociaci\u00f3n y reuni\u00f3n, las\u00a0<strong>Fuerzas Armadas<\/strong>\u00a0est\u00e1n facultadas a impedir cualquier tipo de concentraci\u00f3n en espacios p\u00fablicos que afectan a la seguridad y orden p\u00fablico.<\/p>\n<p>Seg\u00fan\u00a0<strong>Teleamazonas<\/strong>, este es el tercer estado de excepci\u00f3n focalizado que emite\u00a0<strong><a title=\"Daniel Noboa\" href=\"https:\/\/x.com\/DanielNoboaOk\" target=\"_blank\" rel=\"noopener\">Daniel Noboa<\/a><\/strong>\u00a0para que sea aprobado por la Corte Constitucional. Esta vez el documento tiene el aval de la\u00a0<strong>Asociaci\u00f3n Mundial de Juristas<\/strong>\u00a0(<strong>JWA<\/strong>, por sus siglas en ingl\u00e9s).<\/p>\n","protected":false},"excerpt":{"rendered":"<p>Daniel Noboa, presidente del Ecuador, decret\u00f3 un nuevo estado de excepci\u00f3n focalizado en seis provincias y un cant\u00f3n por grave conflicto armado y conmoci\u00f3n interna. Lo hizo a trav\u00e9s del\u00a0Decreto Ejecutivo 318 firmado la tarde de este 2 de julio de 2024. Las provincias en las que se estar\u00e1 en vigencia son:\u00a0Los R\u00edos,\u00a0Guayas,\u00a0Orellana,\u00a0Manab\u00ed,\u00a0Santa Elena,\u00a0El Oro\u00a0y [&hellip;]<\/p>\n","protected":false},"author":1,"featured_media":4585,"comment_status":"open","ping_status":"open","sticky":false,"template":"","format":"standard","meta":{"footnotes":""},"categories":[12],"tags":[],"_links":{"self":[{"href":"https:\/\/infozamoraec.com\/index.php\/wp-json\/wp\/v2\/posts\/4583"}],"collection":[{"href":"https:\/\/infozamoraec.com\/index.php\/wp-json\/wp\/v2\/posts"}],"about":[{"href":"https:\/\/infozamoraec.com\/index.php\/wp-json\/wp\/v2\/types\/post"}],"author":[{"embeddable":true,"href":"https:\/\/infozamoraec.com\/index.php\/wp-json\/wp\/v2\/users\/1"}],"replies":[{"embeddable":true,"href":"https:\/\/infozamoraec.com\/index.php\/wp-json\/wp\/v2\/comments?post=4583"}],"version-history":[{"count":1,"href":"https:\/\/infozamoraec.com\/index.php\/wp-json\/wp\/v2\/posts\/4583\/revisions"}],"predecessor-version":[{"id":4586,"href":"https:\/\/infozamoraec.com\/index.php\/wp-json\/wp\/v2\/posts\/4583\/revisions\/4586"}],"wp:featuredmedia":[{"embeddable":true,"href":"https:\/\/infozamoraec.com\/index.php\/wp-json\/wp\/v2\/media\/4585"}],"wp:attachment":[{"href":"https:\/\/infozamoraec.com\/index.php\/wp-json\/wp\/v2\/media?parent=4583"}],"wp:term":[{"taxonomy":"category","embeddable":true,"href":"https:\/\/infozamoraec.com\/index.php\/wp-json\/wp\/v2\/categories?post=4583"},{"taxonomy":"post_tag","embeddable":true,"href":"https:\/\/infozamoraec.com\/index.php\/wp-json\/wp\/v2\/tags?post=4583"}],"curies":[{"name":"wp","href":"https:\/\/api.w.org\/{rel}","templated":true}]}}