{"id":4579,"date":"2024-07-03T00:43:14","date_gmt":"2024-07-03T00:43:14","guid":{"rendered":"https:\/\/infozamoraec.com\/?p=4579"},"modified":"2024-07-03T00:43:25","modified_gmt":"2024-07-03T00:43:25","slug":"ecuador-recibe-usd-251-millones-de-alemania-para-mitigar-la-deforestacion","status":"publish","type":"post","link":"https:\/\/infozamoraec.com\/index.php\/2024\/07\/03\/ecuador-recibe-usd-251-millones-de-alemania-para-mitigar-la-deforestacion\/","title":{"rendered":"Ecuador recibe USD 25,1 millones de Alemania para mitigar la deforestaci\u00f3n"},"content":{"rendered":"<p>El Gobierno de\u00a0<strong>Ecuador\u00a0<\/strong>anunci\u00f3 este lunes la suscripci\u00f3n de un\u00a0<strong>Contrato de Aporte Financiero\u00a0<\/strong>con\u00a0<strong>Alemania<\/strong> por 23,4 millones de euros (unos 25,1 millones de d\u00f3lares), que ser\u00e1n destinados a financiar un programa para mitigar la deforestaci\u00f3n de bosques en el pa\u00eds suramericano.<\/p>\n<div class=\"mh-content-ad\">\n<div id=\"beacon_ea47e54e3e\"><img decoding=\"async\" src=\"https:\/\/servedby.revive-adserver.net\/lg.php?bannerid=0&amp;campaignid=0&amp;zoneid=2931&amp;loc=https%3A%2F%2Fwww.larepublica.ec%2Fblog%2F2024%2F07%2F02%2Fecuador-recibe-usd-251-millones-de-alemania-para-mitigar-la-deforestacion%2F&amp;referer=https%3A%2F%2Fwww.larepublica.ec%2F&amp;cb=ea47e54e3e\" alt=\"\" width=\"0\" height=\"0\" \/>El aporte forma parte del mecanismo Pago por Resultados \u2018REDD for Early Movers\u2019 o \u2018Programa REM\u2019, financiado por los gobiernos de\u00a0<strong>Alemania\u00a0<\/strong>y\u00a0<strong>Noruega<\/strong>, seg\u00fan inform\u00f3 el Ministerio de Ambiente, Agua y Transici\u00f3n Ecol\u00f3gica en un comunicado.<\/div>\n<p>Ecuador ya ha implementado, en el denominado programa REM I, acciones para la conservaci\u00f3n de m\u00e1s de 70.000 hect\u00e1reas de bosques nativos, procesos de restauraci\u00f3n forestal, seguimiento de deforestaci\u00f3n en territorio y fomento de iniciativas productivas sostenibles relacionadas con el manejo de bosques, entre otros.<\/p>\n<\/div>\n<p>El proyecto busca tambi\u00e9n fortalecer en Ecuador planes de reducci\u00f3n de emisiones de gases de efecto invernadero derivados de la deforestaci\u00f3n y degradaci\u00f3n de bosques.<\/p>\n<p>El Gobierno de Ecuador est\u00e1 empe\u00f1ado \u00aben resolver la calidad de vida de las familias ecuatorianas, garantizando la protecci\u00f3n de nuestro patrimonio natural\u00bb, asegur\u00f3 Fritschi sobre los beneficios del acuerdo con Alemania.<\/p>\n<p><strong>\u00abCon cada acci\u00f3n que promovemos, evidenciamos que la conservaci\u00f3n es un veh\u00edculo de desarrollo social capaz de generar cambios positivos en los ciudadanos y su entorno\u00bb<\/strong>, agreg\u00f3 la ministra.<\/p>\n<p>Seg\u00fan la cartera de Ambiente, el programa REM en Ecuador se enfoca en varias \u00e1reas de gesti\u00f3n como la \u00abconservaci\u00f3n y proyectos en territorio para liberar presi\u00f3n a los ecosistemas forestales\u00bb.<\/p>\n<p>Tambi\u00e9n \u00absistemas productivos enfocados en bioemprendimientos y mejores pr\u00e1cticas agroproductivas\u00bb, gesti\u00f3n forestal con prioridad en la \u00abrestauraci\u00f3n, monitoreo y extensionismo de los ecosistemas\u00bb.<\/p>\n<p>Asimismo, planes de \u00abgobernanza forestal, actualizaci\u00f3n de pol\u00edticas, mecanismos de control y normativa espec\u00edfica\u00bb en la materia.<\/p>\n<p>El aporte alem\u00e1n permitir\u00e1 invertir 8,4 millones de euros en el programa REM II, que tendr\u00e1 una duraci\u00f3n de dos a\u00f1os y arrancar\u00e1 el primer semestre de 2025.<\/p>\n<p>Mientras que el programa REM III, que contar\u00e1 con unos 15 millones de euros, ser\u00e1 ejecutado en el transcurso de tres a\u00f1os.<\/p>\n<p>Los recursos ser\u00e1n administrados por el\u00a0<strong>Fondo de Inversi\u00f3n Ambiental Sostenible (FIAS)<\/strong>\u00a0y ser\u00e1n canalizados mediante el esquema \u2018Pago por Resultados\u2019 para proyectos de conservaci\u00f3n, cuidado ambiental y sostenibilidad en las comunidades participantes, agreg\u00f3 el Ministerio.<\/p>\n<p>El Gobierno ecuatoriano destac\u00f3 \u00abla confianza y respaldo de gobiernos aliados en el combate contra la deforestaci\u00f3n y la protecci\u00f3n de bosques nativos, manglares, p\u00e1ramos y otras \u00e1reas bi\u00f3ticas\u00bb de Ecuador, a\u00f1adi\u00f3 la cartera de Ambiente. EFE\u00a0<strong>(I)<\/strong><\/p>\n","protected":false},"excerpt":{"rendered":"<p>El Gobierno de\u00a0Ecuador\u00a0anunci\u00f3 este lunes la suscripci\u00f3n de un\u00a0Contrato de Aporte Financiero\u00a0con\u00a0Alemania por 23,4 millones de euros (unos 25,1 millones de d\u00f3lares), que ser\u00e1n destinados a financiar un programa para mitigar la deforestaci\u00f3n de bosques en el pa\u00eds suramericano. El aporte forma parte del mecanismo Pago por Resultados \u2018REDD for Early Movers\u2019 o \u2018Programa REM\u2019, [&hellip;]<\/p>\n","protected":false},"author":1,"featured_media":4580,"comment_status":"open","ping_status":"open","sticky":false,"template":"","format":"standard","meta":{"footnotes":""},"categories":[12],"tags":[],"_links":{"self":[{"href":"https:\/\/infozamoraec.com\/index.php\/wp-json\/wp\/v2\/posts\/4579"}],"collection":[{"href":"https:\/\/infozamoraec.com\/index.php\/wp-json\/wp\/v2\/posts"}],"about":[{"href":"https:\/\/infozamoraec.com\/index.php\/wp-json\/wp\/v2\/types\/post"}],"author":[{"embeddable":true,"href":"https:\/\/infozamoraec.com\/index.php\/wp-json\/wp\/v2\/users\/1"}],"replies":[{"embeddable":true,"href":"https:\/\/infozamoraec.com\/index.php\/wp-json\/wp\/v2\/comments?post=4579"}],"version-history":[{"count":2,"href":"https:\/\/infozamoraec.com\/index.php\/wp-json\/wp\/v2\/posts\/4579\/revisions"}],"predecessor-version":[{"id":4582,"href":"https:\/\/infozamoraec.com\/index.php\/wp-json\/wp\/v2\/posts\/4579\/revisions\/4582"}],"wp:featuredmedia":[{"embeddable":true,"href":"https:\/\/infozamoraec.com\/index.php\/wp-json\/wp\/v2\/media\/4580"}],"wp:attachment":[{"href":"https:\/\/infozamoraec.com\/index.php\/wp-json\/wp\/v2\/media?parent=4579"}],"wp:term":[{"taxonomy":"category","embeddable":true,"href":"https:\/\/infozamoraec.com\/index.php\/wp-json\/wp\/v2\/categories?post=4579"},{"taxonomy":"post_tag","embeddable":true,"href":"https:\/\/infozamoraec.com\/index.php\/wp-json\/wp\/v2\/tags?post=4579"}],"curies":[{"name":"wp","href":"https:\/\/api.w.org\/{rel}","templated":true}]}}