{"id":4435,"date":"2024-06-26T19:59:32","date_gmt":"2024-06-26T19:59:32","guid":{"rendered":"https:\/\/infozamoraec.com\/?p=4435"},"modified":"2024-06-26T19:59:32","modified_gmt":"2024-06-26T19:59:32","slug":"francesco-tabacchi-sera-el-candidato-presidencial-de-creo","status":"publish","type":"post","link":"https:\/\/infozamoraec.com\/index.php\/2024\/06\/26\/francesco-tabacchi-sera-el-candidato-presidencial-de-creo\/","title":{"rendered":"Francesco Tabacchi ser\u00e1 el candidato presidencial de CREO"},"content":{"rendered":"<p>El exgobernador del Guayas durante el gobierno del presidente Guillermo Lasso,\u00a0<strong>Franceso Tabacchi<\/strong>, ha sido escogido como\u00a0<strong>candidato a la Presidencia de la Rep\u00fablica por el movimiento CREO<\/strong>\u00a0en una reuni\u00f3n de la directiva nacional el pasado lunes 17 de junio, seg\u00fan ha confirmado este sitio, de fuentes no oficiales, aunque cercanas al movimiento.<\/p>\n<p>La designaci\u00f3n deber\u00e1 ratificarse en la Convenci\u00f3n Nacional de CREO, en agosto.<\/p>\n<p>Tabacchi, de 52 a\u00f1os, ya ha sido candidato por CREO, a Prefecto del Guayas, en las elecciones de 2022, obteniendo 120 mil votos. Posteriormente asumi\u00f3 la Gobernaci\u00f3n de la provincia.<\/p>\n<p>Su nombre ha sido considerado entre el del exministro de Gobierno,\u00a0<strong>Henry Cucal\u00f3n<\/strong>, y el excanciller,\u00a0<strong>Gustavo Manrique<\/strong>. La directiva de CREO se ha inclinado por Tabacchi despu\u00e9s que Cucal\u00f3n acept\u00f3 una precandidatura presidencial por Construye y dentro de una amplia alianza de centro.<\/p>\n","protected":false},"excerpt":{"rendered":"<p>El exgobernador del Guayas durante el gobierno del presidente Guillermo Lasso,\u00a0Franceso Tabacchi, ha sido escogido como\u00a0candidato a la Presidencia de la Rep\u00fablica por el movimiento CREO\u00a0en una reuni\u00f3n de la directiva nacional el pasado lunes 17 de junio, seg\u00fan ha confirmado este sitio, de fuentes no oficiales, aunque cercanas al movimiento. La designaci\u00f3n deber\u00e1 ratificarse [&hellip;]<\/p>\n","protected":false},"author":1,"featured_media":4436,"comment_status":"open","ping_status":"open","sticky":false,"template":"","format":"standard","meta":{"footnotes":""},"categories":[12],"tags":[],"_links":{"self":[{"href":"https:\/\/infozamoraec.com\/index.php\/wp-json\/wp\/v2\/posts\/4435"}],"collection":[{"href":"https:\/\/infozamoraec.com\/index.php\/wp-json\/wp\/v2\/posts"}],"about":[{"href":"https:\/\/infozamoraec.com\/index.php\/wp-json\/wp\/v2\/types\/post"}],"author":[{"embeddable":true,"href":"https:\/\/infozamoraec.com\/index.php\/wp-json\/wp\/v2\/users\/1"}],"replies":[{"embeddable":true,"href":"https:\/\/infozamoraec.com\/index.php\/wp-json\/wp\/v2\/comments?post=4435"}],"version-history":[{"count":1,"href":"https:\/\/infozamoraec.com\/index.php\/wp-json\/wp\/v2\/posts\/4435\/revisions"}],"predecessor-version":[{"id":4437,"href":"https:\/\/infozamoraec.com\/index.php\/wp-json\/wp\/v2\/posts\/4435\/revisions\/4437"}],"wp:featuredmedia":[{"embeddable":true,"href":"https:\/\/infozamoraec.com\/index.php\/wp-json\/wp\/v2\/media\/4436"}],"wp:attachment":[{"href":"https:\/\/infozamoraec.com\/index.php\/wp-json\/wp\/v2\/media?parent=4435"}],"wp:term":[{"taxonomy":"category","embeddable":true,"href":"https:\/\/infozamoraec.com\/index.php\/wp-json\/wp\/v2\/categories?post=4435"},{"taxonomy":"post_tag","embeddable":true,"href":"https:\/\/infozamoraec.com\/index.php\/wp-json\/wp\/v2\/tags?post=4435"}],"curies":[{"name":"wp","href":"https:\/\/api.w.org\/{rel}","templated":true}]}}