{"id":324,"date":"2024-01-29T02:39:52","date_gmt":"2024-01-29T02:39:52","guid":{"rendered":"https:\/\/infozamoraec.com\/?p=324"},"modified":"2024-01-29T02:39:52","modified_gmt":"2024-01-29T02:39:52","slug":"gad-palanda-entrego-kits-de-alimentos-en-san-francisco-del-vergel","status":"publish","type":"post","link":"https:\/\/infozamoraec.com\/index.php\/2024\/01\/29\/gad-palanda-entrego-kits-de-alimentos-en-san-francisco-del-vergel\/","title":{"rendered":"GAD Palanda entreg\u00f3 kits de  alimentos  en San Francisco del Vergel"},"content":{"rendered":"<div class=\"xdj266r x11i5rnm xat24cr x1mh8g0r x1vvkbs x126k92a\">\n<div dir=\"auto\">Continuando con la entrega de kits de alimentos a los sectores de atenci\u00f3n prioritaria de nuestro cant\u00f3n, el Gobierno Aut\u00f3nomo Descentralizado de Palanda, el pasado jueves 25 de enero de 2024, lleg\u00f3 con estas ayudas a beneficiarios de la parroquia San Francisco del Vergel y del barrio Santa Clara de la parroquia El Porvenir del Carmen.<\/div>\n<\/div>\n<div class=\"x11i5rnm xat24cr x1mh8g0r x1vvkbs xtlvy1s x126k92a\">\n<div dir=\"auto\">Posteriormente, este viernes 26, se entregaron kits a usuarios del barrio Numbala y sus alrededores, que pertenecen tambi\u00e9n a El Porvenir del Carmen. En estas contribuciones, que son parte de un proyecto social para este a\u00f1o, participan las autoridades de nuestro cant\u00f3n lideradas por el ingeniero Segundo Jaramillo Quezada, alcalde; y los se\u00f1ores concejales.<\/div>\n<\/div>\n<div class=\"x11i5rnm xat24cr x1mh8g0r x1vvkbs xtlvy1s x126k92a\">\n<div dir=\"auto\">En los pr\u00f3ximos d\u00edas se entregar\u00e1n estos kits en los sectores que est\u00e1n pendientes de visitar. Los beneficiarios son personas que pertenecen a los grupos de atenci\u00f3n prioritaria como adultos mayores, personas con discapacidad y personas con enfermedades catastr\u00f3ficas.<\/div>\n<\/div>\n","protected":false},"excerpt":{"rendered":"<p>Continuando con la entrega de kits de alimentos a los sectores de atenci\u00f3n prioritaria de nuestro cant\u00f3n, el Gobierno Aut\u00f3nomo Descentralizado de Palanda, el pasado jueves 25 de enero de 2024, lleg\u00f3 con estas ayudas a beneficiarios de la parroquia San Francisco del Vergel y del barrio Santa Clara de la parroquia El Porvenir del [&hellip;]<\/p>\n","protected":false},"author":1,"featured_media":325,"comment_status":"open","ping_status":"open","sticky":false,"template":"","format":"standard","meta":{"footnotes":""},"categories":[9],"tags":[],"_links":{"self":[{"href":"https:\/\/infozamoraec.com\/index.php\/wp-json\/wp\/v2\/posts\/324"}],"collection":[{"href":"https:\/\/infozamoraec.com\/index.php\/wp-json\/wp\/v2\/posts"}],"about":[{"href":"https:\/\/infozamoraec.com\/index.php\/wp-json\/wp\/v2\/types\/post"}],"author":[{"embeddable":true,"href":"https:\/\/infozamoraec.com\/index.php\/wp-json\/wp\/v2\/users\/1"}],"replies":[{"embeddable":true,"href":"https:\/\/infozamoraec.com\/index.php\/wp-json\/wp\/v2\/comments?post=324"}],"version-history":[{"count":1,"href":"https:\/\/infozamoraec.com\/index.php\/wp-json\/wp\/v2\/posts\/324\/revisions"}],"predecessor-version":[{"id":326,"href":"https:\/\/infozamoraec.com\/index.php\/wp-json\/wp\/v2\/posts\/324\/revisions\/326"}],"wp:featuredmedia":[{"embeddable":true,"href":"https:\/\/infozamoraec.com\/index.php\/wp-json\/wp\/v2\/media\/325"}],"wp:attachment":[{"href":"https:\/\/infozamoraec.com\/index.php\/wp-json\/wp\/v2\/media?parent=324"}],"wp:term":[{"taxonomy":"category","embeddable":true,"href":"https:\/\/infozamoraec.com\/index.php\/wp-json\/wp\/v2\/categories?post=324"},{"taxonomy":"post_tag","embeddable":true,"href":"https:\/\/infozamoraec.com\/index.php\/wp-json\/wp\/v2\/tags?post=324"}],"curies":[{"name":"wp","href":"https:\/\/api.w.org\/{rel}","templated":true}]}}