{"id":315,"date":"2024-01-29T02:24:27","date_gmt":"2024-01-29T02:24:27","guid":{"rendered":"https:\/\/infozamoraec.com\/?p=315"},"modified":"2024-01-29T02:24:27","modified_gmt":"2024-01-29T02:24:27","slug":"se-entregaron-viviendas-del-plan-habitacional-santa-elena-en-el-canton-zamora","status":"publish","type":"post","link":"https:\/\/infozamoraec.com\/index.php\/2024\/01\/29\/se-entregaron-viviendas-del-plan-habitacional-santa-elena-en-el-canton-zamora\/","title":{"rendered":"Se entregaron viviendas del Plan Habitacional \u00abSanta Elena\u00bb en el cant\u00f3n Zamora"},"content":{"rendered":"<div class=\"xdj266r x11i5rnm xat24cr x1mh8g0r x1vvkbs x126k92a\">\n<div dir=\"auto\">Con el\u00a0 objetivo de mejorar la calidad de vida de las familias que se encuentran en condiciones vulnerables en la provincia de\u00a0 Zamora Chinchipe, especialmente del cant\u00f3n Zamora, la ma\u00f1ana de este viernes 26 de enero de 2024, el gobernador de Zamora Chinchipe, Francisco Mesias Hidalgo, en compa\u00f1\u00eda de la directora provincial de <a class=\"x1i10hfl xjbqb8w x6umtig x1b1mbwd xaqea5y xav7gou x9f619 x1ypdohk xt0psk2 xe8uvvx xdj266r x11i5rnm xat24cr x1mh8g0r xexx8yu x4uap5 x18d9i69 xkhd6sd x16tdsg8 x1hl2dhg xggy1nq x1a2a7pz xt0b8zv x1fey0fg xo1l8bm\" tabindex=\"0\" role=\"link\" href=\"https:\/\/www.facebook.com\/hashtag\/miduvi?__eep__=6&amp;__cft__[0]=AZXw0lzZvh302Yvzv_Opl9YH5LTo8Mu2Ojeg6Kld_vEhlbRfcww-ENhGpys-UGCRD3ht2HMPp5hc0BPKEX_3tslw_VMG9QG5AdUzkoDGTdEdGoSW48W0MMdRvNzdYmgB_llVBotr-o77gPOX3UTn-3mtzEl_EInYlopiMhQs1TrWs1spn7OaTDuJ5LMjfXmRaWM&amp;__tn__=*NK-R\" target=\"_blank\" rel=\"noopener\">#MIDUVI<\/a> , Daniela Picoita, y la directora del <a class=\"x1i10hfl xjbqb8w x6umtig x1b1mbwd xaqea5y xav7gou x9f619 x1ypdohk xt0psk2 xe8uvvx xdj266r x11i5rnm xat24cr x1mh8g0r xexx8yu x4uap5 x18d9i69 xkhd6sd x16tdsg8 x1hl2dhg xggy1nq x1a2a7pz xt0b8zv x1fey0fg xo1l8bm\" tabindex=\"0\" role=\"link\" href=\"https:\/\/www.facebook.com\/hashtag\/mies?__eep__=6&amp;__cft__[0]=AZXw0lzZvh302Yvzv_Opl9YH5LTo8Mu2Ojeg6Kld_vEhlbRfcww-ENhGpys-UGCRD3ht2HMPp5hc0BPKEX_3tslw_VMG9QG5AdUzkoDGTdEdGoSW48W0MMdRvNzdYmgB_llVBotr-o77gPOX3UTn-3mtzEl_EInYlopiMhQs1TrWs1spn7OaTDuJ5LMjfXmRaWM&amp;__tn__=*NK-R\" target=\"_blank\" rel=\"noopener\">#MIES<\/a>, Esperanza Rogel, entregaron las llaves a los beneficiarios del proyecto denominado CAsa para Todos, en el sector\u00a0 Santa elena de la ciudad de\u00a0 Zamora<\/div>\n<div dir=\"auto\"><\/div>\n<div dir=\"auto\">Como parte del protocolo de mudanza previo a la entrega oficial se\u00a0 realiz\u00f3 un acto de adjudicaci\u00f3n de las\u00a0 viviendas, aunque el evento no fue\u00a0 anunciado por las autoridades, incluso varios medios de comunicaci\u00f3n dijeron\u00a0 haber desconocido el hecho.<\/div>\n<div dir=\"auto\"><\/div>\n<div dir=\"auto\">El mencionado plan de vivienda consta de 50 unidades habitacionales distribuidas en 2 viviendas unifamiliares y 4 bloques de 12 departamentos. Adem\u00e1s, incluye una casa comunal, \u00e1reas de recreaci\u00f3n, juegos inclusivos y locales destinados a emprendimientos.<\/div>\n<\/div>\n<div class=\"x11i5rnm xat24cr x1mh8g0r x1vvkbs xtlvy1s x126k92a\">\n<div dir=\"auto\"><span class=\"x3nfvp2 x1j61x8r x1fcty0u xdj266r xhhsvwb xat24cr xgzva0m xxymvpz xlup9mm x1kky2od\"><img decoding=\"async\" class=\"xz74otr\" src=\"https:\/\/static.xx.fbcdn.net\/images\/emoji.php\/v9\/t33\/1\/16\/2705.png\" alt=\"\u2705\" width=\"16\" height=\"16\" \/><\/span> 245 personas beneficiadas.<\/div>\n<\/div>\n<div class=\"x11i5rnm xat24cr x1mh8g0r x1vvkbs xtlvy1s x126k92a\">\n<div dir=\"auto\"><span class=\"x3nfvp2 x1j61x8r x1fcty0u xdj266r xhhsvwb xat24cr xgzva0m xxymvpz xlup9mm x1kky2od\"><img decoding=\"async\" class=\"xz74otr\" src=\"https:\/\/static.xx.fbcdn.net\/images\/emoji.php\/v9\/t33\/1\/16\/2705.png\" alt=\"\u2705\" width=\"16\" height=\"16\" \/><\/span> Monto de inversi\u00f3n: 1.012,439,29 $<\/div>\n<\/div>\n<div class=\"x11i5rnm xat24cr x1mh8g0r x1vvkbs xtlvy1s x126k92a\">\n<div dir=\"auto\">El proyecto se ejecut\u00f3 desde el a\u00f1o 2019.<\/div>\n<\/div>\n","protected":false},"excerpt":{"rendered":"<p>Con el\u00a0 objetivo de mejorar la calidad de vida de las familias que se encuentran en condiciones vulnerables en la provincia de\u00a0 Zamora Chinchipe, especialmente del cant\u00f3n Zamora, la ma\u00f1ana de este viernes 26 de enero de 2024, el gobernador de Zamora Chinchipe, Francisco Mesias Hidalgo, en compa\u00f1\u00eda de la directora provincial de #MIDUVI , [&hellip;]<\/p>\n","protected":false},"author":1,"featured_media":316,"comment_status":"open","ping_status":"open","sticky":false,"template":"","format":"standard","meta":{"footnotes":""},"categories":[9],"tags":[],"_links":{"self":[{"href":"https:\/\/infozamoraec.com\/index.php\/wp-json\/wp\/v2\/posts\/315"}],"collection":[{"href":"https:\/\/infozamoraec.com\/index.php\/wp-json\/wp\/v2\/posts"}],"about":[{"href":"https:\/\/infozamoraec.com\/index.php\/wp-json\/wp\/v2\/types\/post"}],"author":[{"embeddable":true,"href":"https:\/\/infozamoraec.com\/index.php\/wp-json\/wp\/v2\/users\/1"}],"replies":[{"embeddable":true,"href":"https:\/\/infozamoraec.com\/index.php\/wp-json\/wp\/v2\/comments?post=315"}],"version-history":[{"count":1,"href":"https:\/\/infozamoraec.com\/index.php\/wp-json\/wp\/v2\/posts\/315\/revisions"}],"predecessor-version":[{"id":317,"href":"https:\/\/infozamoraec.com\/index.php\/wp-json\/wp\/v2\/posts\/315\/revisions\/317"}],"wp:featuredmedia":[{"embeddable":true,"href":"https:\/\/infozamoraec.com\/index.php\/wp-json\/wp\/v2\/media\/316"}],"wp:attachment":[{"href":"https:\/\/infozamoraec.com\/index.php\/wp-json\/wp\/v2\/media?parent=315"}],"wp:term":[{"taxonomy":"category","embeddable":true,"href":"https:\/\/infozamoraec.com\/index.php\/wp-json\/wp\/v2\/categories?post=315"},{"taxonomy":"post_tag","embeddable":true,"href":"https:\/\/infozamoraec.com\/index.php\/wp-json\/wp\/v2\/tags?post=315"}],"curies":[{"name":"wp","href":"https:\/\/api.w.org\/{rel}","templated":true}]}}