{"id":24861,"date":"2026-09-04T21:27:35","date_gmt":"2026-09-04T21:27:35","guid":{"rendered":"https:\/\/infozamoraec.com\/?p=24861"},"modified":"2026-09-04T21:27:35","modified_gmt":"2026-09-04T21:27:35","slug":"karla-reategui-es-designada-vicepresidenta-del-congope","status":"publish","type":"post","link":"https:\/\/infozamoraec.com\/index.php\/2026\/09\/04\/karla-reategui-es-designada-vicepresidenta-del-congope\/","title":{"rendered":"Karla Re\u00e1tegui es designada vicepresidenta del CONGOPE"},"content":{"rendered":"<p>La prefecta de\u00a0 la provincia de Zamora Chinchipe, Karla Re\u00e1tegui, fue designada este viernes 4 de septiembre de 2026 como vicepresidenta del Directorio del Consorcio de Gobiernos Provinciales del Ecuador (CONGOPE).<\/p>\n<p>La designaci\u00f3n se realiz\u00f3 durante la Asamblea General de Prefectos y Prefectas del Ecuador, desarrollada en Quito, donde tambi\u00e9n fueron presentados los nuevos integrantes del Comit\u00e9 Ejecutivo de la organizaci\u00f3n.<\/p>\n<p>Durante la jornada se dio a conocer el Plan de Acci\u00f3n del CONGOPE, adem\u00e1s de analizar temas relacionados con las competencias y necesidades de los gobiernos provinciales y sus territorios. En el encuentro particip\u00f3 tambi\u00e9n Nataly Murillo, ministra de Gobierno.<\/p>\n<p>Con su incorporaci\u00f3n al Comit\u00e9 Ejecutivo, Re\u00e1tegui ocupar\u00e1 la vicepresidencia del Directorio del CONGOPE, organismo que agrupa a los gobiernos aut\u00f3nomos descentralizados provinciales del pa\u00eds.<\/p>\n<p>La prefecta se\u00f1al\u00f3 que esta designaci\u00f3n permitir\u00e1 llevar las necesidades y planteamientos de Zamora Chinchipe a espacios de coordinaci\u00f3n nacional y participar en acciones relacionadas con el desarrollo de los gobiernos provinciales.<\/p>\n","protected":false},"excerpt":{"rendered":"<p>La prefecta de\u00a0 la provincia de Zamora Chinchipe, Karla Re\u00e1tegui, fue designada este viernes 4 de septiembre de 2026 como vicepresidenta del Directorio del Consorcio de Gobiernos Provinciales del Ecuador (CONGOPE). La designaci\u00f3n se realiz\u00f3 durante la Asamblea General de Prefectos y Prefectas del Ecuador, desarrollada en Quito, donde tambi\u00e9n fueron presentados los nuevos integrantes [&hellip;]<\/p>\n","protected":false},"author":1,"featured_media":24862,"comment_status":"open","ping_status":"open","sticky":false,"template":"","format":"standard","meta":{"footnotes":""},"categories":[9],"tags":[],"_links":{"self":[{"href":"https:\/\/infozamoraec.com\/index.php\/wp-json\/wp\/v2\/posts\/24861"}],"collection":[{"href":"https:\/\/infozamoraec.com\/index.php\/wp-json\/wp\/v2\/posts"}],"about":[{"href":"https:\/\/infozamoraec.com\/index.php\/wp-json\/wp\/v2\/types\/post"}],"author":[{"embeddable":true,"href":"https:\/\/infozamoraec.com\/index.php\/wp-json\/wp\/v2\/users\/1"}],"replies":[{"embeddable":true,"href":"https:\/\/infozamoraec.com\/index.php\/wp-json\/wp\/v2\/comments?post=24861"}],"version-history":[{"count":1,"href":"https:\/\/infozamoraec.com\/index.php\/wp-json\/wp\/v2\/posts\/24861\/revisions"}],"predecessor-version":[{"id":24863,"href":"https:\/\/infozamoraec.com\/index.php\/wp-json\/wp\/v2\/posts\/24861\/revisions\/24863"}],"wp:featuredmedia":[{"embeddable":true,"href":"https:\/\/infozamoraec.com\/index.php\/wp-json\/wp\/v2\/media\/24862"}],"wp:attachment":[{"href":"https:\/\/infozamoraec.com\/index.php\/wp-json\/wp\/v2\/media?parent=24861"}],"wp:term":[{"taxonomy":"category","embeddable":true,"href":"https:\/\/infozamoraec.com\/index.php\/wp-json\/wp\/v2\/categories?post=24861"},{"taxonomy":"post_tag","embeddable":true,"href":"https:\/\/infozamoraec.com\/index.php\/wp-json\/wp\/v2\/tags?post=24861"}],"curies":[{"name":"wp","href":"https:\/\/api.w.org\/{rel}","templated":true}]}}