{"id":24855,"date":"2026-09-04T20:47:26","date_gmt":"2026-09-04T20:47:26","guid":{"rendered":"https:\/\/infozamoraec.com\/?p=24855"},"modified":"2026-09-04T20:47:26","modified_gmt":"2026-09-04T20:47:26","slug":"daniel-noboa-asegura-que-el-robo-y-las-extorsiones-han-bajado-hasta-45-en-agosto","status":"publish","type":"post","link":"https:\/\/infozamoraec.com\/index.php\/2026\/09\/04\/daniel-noboa-asegura-que-el-robo-y-las-extorsiones-han-bajado-hasta-45-en-agosto\/","title":{"rendered":"Daniel Noboa asegura que el robo y las extorsiones han bajado hasta 45 % en agosto"},"content":{"rendered":"<p>El presidente Daniel Noboa asegur\u00f3 que varios delitos registraron una reducci\u00f3n de entre 30 % y 45 % durante agosto. Sus declaraciones fueron realizadas este viernes, 4 de septiembre, durante una entrevista en Radio i99, en la que tambi\u00e9n se refiri\u00f3 a la lucha contra las estructuras criminales y a la cooperaci\u00f3n con los pa\u00edses vecinos.<\/p>\n<p>Seg\u00fan Noboa, en agosto disminuyeron delitos como el robo a personas, de veh\u00edculos y motocicletas, as\u00ed como los robos a domicilios y las extorsiones. Se\u00f1al\u00f3 que la reducci\u00f3n llega hasta el 45 % en algunos casos y sostuvo que estos resultados tambi\u00e9n tienen un efecto sobre la actividad econ\u00f3mica.<\/p>\n<p>El mandatario afirm\u00f3 que su Gobierno ha concentrado las acciones de seguridad no solo en los autores materiales de los delitos, sino tambi\u00e9n en las estructuras que permiten su funcionamiento. En ese grupo incluy\u00f3 a personas dedicadas al lavado de dinero, pol\u00edticos que presuntamente colaboran con organizaciones criminales y jueces que, seg\u00fan dijo, han permitido la liberaci\u00f3n de integrantes de estas estructuras.<\/p>\n<p>\u201cHemos atrapado al 90 % de los cabecillas\u201d, asegur\u00f3 Noboa. A\u00f1adi\u00f3 que el objetivo es recuperar el control del Estado y transmitir la imagen de Ecuador como un pa\u00eds seguro y en paz.<\/p>\n<p>Noboa tambi\u00e9n habl\u00f3 sobre la producci\u00f3n de coca en la frontera con Colombia. Se\u00f1al\u00f3 que las estructuras dedicadas a esta actividad est\u00e1n siendo presionadas tanto por Ecuador como por el nuevo Gobierno colombiano y que, si intentan desplazarse hacia otros territorios, ser\u00e1n perseguidas.<\/p>\n<p>El presidente destac\u00f3 en este punto el acuerdo alcanzado con el Gobierno de Abelardo de la Espriella para fortalecer la cooperaci\u00f3n en seguridad. Asegur\u00f3 que durante el gobierno de Gustavo Petro exist\u00edan integrantes de organizaciones criminales ecuatorianas que resid\u00edan en ciudades colombianas, como Cali y Medell\u00edn, lo que dificultaba las operaciones desde Ecuador.<\/p>\n<p>Kury destaca cooperaci\u00f3n regional<br \/>\nEl canciller Roberto Kury se\u00f1al\u00f3 que uno de los objetivos de los viajes internacionales del Gobierno ha sido ampliar la colaboraci\u00f3n con los pa\u00edses vecinos en materia de seguridad.<\/p>\n<p>Kury explic\u00f3 que los grupos de delincuencia organizada tienen presencia en distintos pa\u00edses de Am\u00e9rica Latina, Europa y Medio Oriente, por lo que considera necesario fortalecer el intercambio de informaci\u00f3n y las acciones coordinadas.<\/p>\n<p>Seg\u00fan el canciller, una mayor cooperaci\u00f3n regional no solo contribuir\u00e1 a mejorar la seguridad, sino que tambi\u00e9n permitir\u00e1 generar condiciones de confianza para atraer inversi\u00f3n y crear empleo.<\/p>\n<p>\u201cLos GDO tienen presencia en varios pa\u00edses de Latinoam\u00e9rica, Europa y Medio Oriente. Tener cooperaci\u00f3n es fundamental para poder generar mayor seguridad, mayor confianza, mayor inversi\u00f3n y mayor empleo\u201d, afirm\u00f3 Kury.<\/p>\n","protected":false},"excerpt":{"rendered":"<p>El presidente Daniel Noboa asegur\u00f3 que varios delitos registraron una reducci\u00f3n de entre 30 % y 45 % durante agosto. Sus declaraciones fueron realizadas este viernes, 4 de septiembre, durante una entrevista en Radio i99, en la que tambi\u00e9n se refiri\u00f3 a la lucha contra las estructuras criminales y a la cooperaci\u00f3n con los pa\u00edses [&hellip;]<\/p>\n","protected":false},"author":1,"featured_media":24856,"comment_status":"open","ping_status":"open","sticky":false,"template":"","format":"standard","meta":{"footnotes":""},"categories":[12],"tags":[],"_links":{"self":[{"href":"https:\/\/infozamoraec.com\/index.php\/wp-json\/wp\/v2\/posts\/24855"}],"collection":[{"href":"https:\/\/infozamoraec.com\/index.php\/wp-json\/wp\/v2\/posts"}],"about":[{"href":"https:\/\/infozamoraec.com\/index.php\/wp-json\/wp\/v2\/types\/post"}],"author":[{"embeddable":true,"href":"https:\/\/infozamoraec.com\/index.php\/wp-json\/wp\/v2\/users\/1"}],"replies":[{"embeddable":true,"href":"https:\/\/infozamoraec.com\/index.php\/wp-json\/wp\/v2\/comments?post=24855"}],"version-history":[{"count":1,"href":"https:\/\/infozamoraec.com\/index.php\/wp-json\/wp\/v2\/posts\/24855\/revisions"}],"predecessor-version":[{"id":24857,"href":"https:\/\/infozamoraec.com\/index.php\/wp-json\/wp\/v2\/posts\/24855\/revisions\/24857"}],"wp:featuredmedia":[{"embeddable":true,"href":"https:\/\/infozamoraec.com\/index.php\/wp-json\/wp\/v2\/media\/24856"}],"wp:attachment":[{"href":"https:\/\/infozamoraec.com\/index.php\/wp-json\/wp\/v2\/media?parent=24855"}],"wp:term":[{"taxonomy":"category","embeddable":true,"href":"https:\/\/infozamoraec.com\/index.php\/wp-json\/wp\/v2\/categories?post=24855"},{"taxonomy":"post_tag","embeddable":true,"href":"https:\/\/infozamoraec.com\/index.php\/wp-json\/wp\/v2\/tags?post=24855"}],"curies":[{"name":"wp","href":"https:\/\/api.w.org\/{rel}","templated":true}]}}