{"id":24851,"date":"2026-09-04T20:37:21","date_gmt":"2026-09-04T20:37:21","guid":{"rendered":"https:\/\/infozamoraec.com\/?p=24851"},"modified":"2026-09-04T20:37:21","modified_gmt":"2026-09-04T20:37:21","slug":"informe-v-dem-alerta-sobre-senales-de-retroceso-democratico-en-ecuador","status":"publish","type":"post","link":"https:\/\/infozamoraec.com\/index.php\/2026\/09\/04\/informe-v-dem-alerta-sobre-senales-de-retroceso-democratico-en-ecuador\/","title":{"rendered":"Informe V-Dem alerta sobre se\u00f1ales de retroceso democr\u00e1tico en Ecuador"},"content":{"rendered":"<p>Ecuador aparece entre los pa\u00edses que presentan se\u00f1ales de posible autocratizaci\u00f3n, seg\u00fan el informe 2026 del Instituto V-Dem de la Universidad de Gotemburgo, Suecia. El reporte advierte un cambio en la trayectoria democr\u00e1tica del pa\u00eds, que hasta 2025 era ubicado dentro de la categor\u00eda de democracia electoral.<\/p>\n<p>El informe no califica a Ecuador como una autocracia, pero identifica se\u00f1ales de deterioro en condiciones relacionadas con el funcionamiento democr\u00e1tico. El an\u00e1lisis considera variables como las libertades civiles, la independencia institucional y la concentraci\u00f3n del poder.<\/p>\n<p>El contexto ecuatoriano est\u00e1 marcado por el incremento de la violencia relacionada con el crimen organizado y las medidas adoptadas por el Gobierno de Daniel Noboa para enfrentar la inseguridad. En este escenario, expertos consultados consideran que el desaf\u00edo consiste en mantener las acciones de seguridad dentro del marco institucional y garantizar el respeto a los derechos y libertades.<\/p>\n<p>El constitucionalista Jos\u00e9 Correa explic\u00f3 que una democracia no se limita a la realizaci\u00f3n peri\u00f3dica de elecciones, sino que tambi\u00e9n requiere independencia entre las funciones del Estado, libertad de expresi\u00f3n, libertad de opini\u00f3n y garant\u00edas para el ejercicio de los derechos ciudadanos.<\/p>\n<p>A su criterio, las se\u00f1ales identificadas por V-Dem deben generar atenci\u00f3n, particularmente frente a denuncias relacionadas con presiones a periodistas y opositores y cuestionamientos sobre el funcionamiento de las instituciones. Correa sostuvo que un gobierno puede responder a las cr\u00edticas y desmentir informaci\u00f3n que considere falsa, pero no deber\u00eda utilizar el poder estatal para silenciar voces opositoras.<\/p>\n<p>Libertad de prensa, uno de los puntos de preocupaci\u00f3n<\/p>\n<p>La situaci\u00f3n del periodismo aparece como otro de los elementos analizados en este contexto. Los casos recientes de los periodistas Hern\u00e1n Higuera, de Ecuavisa, y Gisela Bayona, quienes han hecho p\u00fablicas decisiones relacionadas con el ejercicio de su profesi\u00f3n, han generado un debate sobre las condiciones en las que trabajan los comunicadores.<\/p>\n<p>Correa considera que cuando un periodista decide no publicar una investigaci\u00f3n por temor a posibles represalias se produce una afectaci\u00f3n al ejercicio de la libertad de prensa. Advirti\u00f3 adem\u00e1s que ser\u00eda m\u00e1s grave si instituciones estatales, procesos administrativos o acciones judiciales fueran utilizados para intimidar o silenciar a periodistas.<\/p>\n<p>\u201cLo que debe cuidarse el gobierno es no dar la apariencia de que contra esas voces cr\u00edticas caiga el peso del Estado\u201d, manifest\u00f3.<\/p>\n<p>Karina Ben\u00edtez, presidenta del Colegio de Periodistas y Comunicadores de El Oro, tambi\u00e9n expres\u00f3 preocupaci\u00f3n por las condiciones actuales del ejercicio period\u00edstico. Identific\u00f3 cuatro factores que, seg\u00fan se\u00f1al\u00f3, generan presi\u00f3n sobre los comunicadores: la violencia criminal, la presi\u00f3n institucional, el deterioro econ\u00f3mico de la profesi\u00f3n y el hostigamiento digital.<\/p>\n<p>La dirigente se\u00f1al\u00f3 que la inseguridad limita el trabajo de los periodistas en territorio, mientras que las dificultades para acceder a informaci\u00f3n, la precarizaci\u00f3n laboral y los ataques mediante redes sociales pueden incrementar la presi\u00f3n sobre quienes realizan investigaciones o difunden informaci\u00f3n.<\/p>\n<p>Ben\u00edtez alert\u00f3 adem\u00e1s sobre posibles casos de autocensura y una \u201czona de silencio informativo\u201d en El Oro, especialmente alrededor de temas sensibles como posibles actos de corrupci\u00f3n, ejecuci\u00f3n de obras y deficiencias en servicios p\u00fablicos.<\/p>\n<p>Gremios piden garantizar el ejercicio period\u00edstico<\/p>\n<p>Danny Loayza, presidente de la Uni\u00f3n Nacional de Periodistas, n\u00facleo de El Oro, sostuvo que la democracia ecuatoriana enfrenta tensiones relacionadas con la inseguridad, la polarizaci\u00f3n pol\u00edtica y los conflictos institucionales.<\/p>\n<p>Afirm\u00f3 que el ejercicio period\u00edstico se encuentra condicionado por amenazas, intimidaci\u00f3n, violencia y presiones pol\u00edticas y econ\u00f3micas. Tambi\u00e9n se\u00f1al\u00f3 que la autocensura puede aparecer cuando un comunicador decide no publicar determinada informaci\u00f3n ante el temor de posibles consecuencias para \u00e9l o su familia.<\/p>\n<p>Loayza defendi\u00f3 el papel de los periodistas como parte de las garant\u00edas para que la sociedad pueda acceder a informaci\u00f3n y pidi\u00f3 fortalecer la unidad del gremio para defender un ejercicio profesional libre y responsable.<\/p>\n<p>El informe de V-Dem y los criterios de los especialistas colocan nuevamente en el debate p\u00fablico la situaci\u00f3n de la democracia ecuatoriana. El principal llamado es a preservar las instituciones, las libertades civiles y la libertad de prensa, particularmente en un contexto marcado por la inseguridad y la confrontaci\u00f3n pol\u00edtica.<\/p>\n","protected":false},"excerpt":{"rendered":"<p>Ecuador aparece entre los pa\u00edses que presentan se\u00f1ales de posible autocratizaci\u00f3n, seg\u00fan el informe 2026 del Instituto V-Dem de la Universidad de Gotemburgo, Suecia. El reporte advierte un cambio en la trayectoria democr\u00e1tica del pa\u00eds, que hasta 2025 era ubicado dentro de la categor\u00eda de democracia electoral. El informe no califica a Ecuador como una [&hellip;]<\/p>\n","protected":false},"author":1,"featured_media":24852,"comment_status":"open","ping_status":"open","sticky":false,"template":"","format":"standard","meta":{"footnotes":""},"categories":[12],"tags":[],"_links":{"self":[{"href":"https:\/\/infozamoraec.com\/index.php\/wp-json\/wp\/v2\/posts\/24851"}],"collection":[{"href":"https:\/\/infozamoraec.com\/index.php\/wp-json\/wp\/v2\/posts"}],"about":[{"href":"https:\/\/infozamoraec.com\/index.php\/wp-json\/wp\/v2\/types\/post"}],"author":[{"embeddable":true,"href":"https:\/\/infozamoraec.com\/index.php\/wp-json\/wp\/v2\/users\/1"}],"replies":[{"embeddable":true,"href":"https:\/\/infozamoraec.com\/index.php\/wp-json\/wp\/v2\/comments?post=24851"}],"version-history":[{"count":2,"href":"https:\/\/infozamoraec.com\/index.php\/wp-json\/wp\/v2\/posts\/24851\/revisions"}],"predecessor-version":[{"id":24854,"href":"https:\/\/infozamoraec.com\/index.php\/wp-json\/wp\/v2\/posts\/24851\/revisions\/24854"}],"wp:featuredmedia":[{"embeddable":true,"href":"https:\/\/infozamoraec.com\/index.php\/wp-json\/wp\/v2\/media\/24852"}],"wp:attachment":[{"href":"https:\/\/infozamoraec.com\/index.php\/wp-json\/wp\/v2\/media?parent=24851"}],"wp:term":[{"taxonomy":"category","embeddable":true,"href":"https:\/\/infozamoraec.com\/index.php\/wp-json\/wp\/v2\/categories?post=24851"},{"taxonomy":"post_tag","embeddable":true,"href":"https:\/\/infozamoraec.com\/index.php\/wp-json\/wp\/v2\/tags?post=24851"}],"curies":[{"name":"wp","href":"https:\/\/api.w.org\/{rel}","templated":true}]}}