{"id":24848,"date":"2026-09-04T20:34:38","date_gmt":"2026-09-04T20:34:38","guid":{"rendered":"https:\/\/infozamoraec.com\/?p=24848"},"modified":"2026-09-04T20:34:38","modified_gmt":"2026-09-04T20:34:38","slug":"reimberg-dice-que-ecuador-no-va-a-seguir-siendo-usado-para-envio-de-droga","status":"publish","type":"post","link":"https:\/\/infozamoraec.com\/index.php\/2026\/09\/04\/reimberg-dice-que-ecuador-no-va-a-seguir-siendo-usado-para-envio-de-droga\/","title":{"rendered":"Reimberg dice que Ecuador no va a seguir siendo usado para env\u00edo de droga"},"content":{"rendered":"<p>El ministro del Interior, John Reimberg, ratific\u00f3 el compromiso del Gobierno Nacional de cortar de ra\u00edz las rutas log\u00edsticas que emplean las mafias para exportar estupefacientes desde territorio ecuatoriano. El anuncio se produce tras d\u00edas de debate p\u00fablico respecto a la legalidad y necesidad de las intervenciones conjuntas en aguas internacionales del Pac\u00edfico.<\/p>\n<p>Reimberg justific\u00f3 con firmeza las acciones armadas ejecutadas en coordinaci\u00f3n con fuerzas norteamericanas, descartando cualquier tipo de error procedimental. Explic\u00f3 que las naves neutralizadas, muchas de las cuales simulaban actividades pesqueras artesanales, funcionaban en realidad como estaciones flotantes de reabastecimiento de combustible y centros de acopio log\u00edstico para lanchas r\u00e1pidas cargadas con toneladas de alcaloides.<\/p>\n<p>\u00abEsto es producto de investigaciones profundas. No vamos a permitir que sigan usando nuestros recursos marinos ni la fachada pesquera para camuflar el delito\u00bb, manifest\u00f3 la autoridad ministerial.<\/p>\n<p>Cooperaci\u00f3n con Estados Unidos se intensifica<br \/>\nLa estrategia gubernamental de seguridad encuentra un pilar fundamental en la alianza con Washington. De acuerdo con informes oficiales previos de la Oficina de Control de Activos Extranjeros (OFAC) y el Comando Sur de EE. UU., las operaciones conjuntas ya han permitido bloquear bienes y sancionar a m\u00faltiples empresas y ciudadanos ecuatorianos acusados de proveer soporte log\u00edstico a carteles extranjeros.<\/p>\n<p>Reimberg concluy\u00f3 que el debilitamiento financiero y estructural de las bandas delictivas \u2014estimado en afectaciones superiores a los USD 3.000 millones\u2014 forma parte de una \u00abguerra frontal\u00bb que busca devolver la soberan\u00eda territorial y la tranquilidad al pueblo ecuatoriano. (I)<\/p>\n","protected":false},"excerpt":{"rendered":"<p>El ministro del Interior, John Reimberg, ratific\u00f3 el compromiso del Gobierno Nacional de cortar de ra\u00edz las rutas log\u00edsticas que emplean las mafias para exportar estupefacientes desde territorio ecuatoriano. El anuncio se produce tras d\u00edas de debate p\u00fablico respecto a la legalidad y necesidad de las intervenciones conjuntas en aguas internacionales del Pac\u00edfico. Reimberg justific\u00f3 [&hellip;]<\/p>\n","protected":false},"author":1,"featured_media":24849,"comment_status":"open","ping_status":"open","sticky":false,"template":"","format":"standard","meta":{"footnotes":""},"categories":[12],"tags":[],"_links":{"self":[{"href":"https:\/\/infozamoraec.com\/index.php\/wp-json\/wp\/v2\/posts\/24848"}],"collection":[{"href":"https:\/\/infozamoraec.com\/index.php\/wp-json\/wp\/v2\/posts"}],"about":[{"href":"https:\/\/infozamoraec.com\/index.php\/wp-json\/wp\/v2\/types\/post"}],"author":[{"embeddable":true,"href":"https:\/\/infozamoraec.com\/index.php\/wp-json\/wp\/v2\/users\/1"}],"replies":[{"embeddable":true,"href":"https:\/\/infozamoraec.com\/index.php\/wp-json\/wp\/v2\/comments?post=24848"}],"version-history":[{"count":1,"href":"https:\/\/infozamoraec.com\/index.php\/wp-json\/wp\/v2\/posts\/24848\/revisions"}],"predecessor-version":[{"id":24850,"href":"https:\/\/infozamoraec.com\/index.php\/wp-json\/wp\/v2\/posts\/24848\/revisions\/24850"}],"wp:featuredmedia":[{"embeddable":true,"href":"https:\/\/infozamoraec.com\/index.php\/wp-json\/wp\/v2\/media\/24849"}],"wp:attachment":[{"href":"https:\/\/infozamoraec.com\/index.php\/wp-json\/wp\/v2\/media?parent=24848"}],"wp:term":[{"taxonomy":"category","embeddable":true,"href":"https:\/\/infozamoraec.com\/index.php\/wp-json\/wp\/v2\/categories?post=24848"},{"taxonomy":"post_tag","embeddable":true,"href":"https:\/\/infozamoraec.com\/index.php\/wp-json\/wp\/v2\/tags?post=24848"}],"curies":[{"name":"wp","href":"https:\/\/api.w.org\/{rel}","templated":true}]}}