{"id":24845,"date":"2026-09-04T20:31:42","date_gmt":"2026-09-04T20:31:42","guid":{"rendered":"https:\/\/infozamoraec.com\/?p=24845"},"modified":"2026-09-04T20:31:42","modified_gmt":"2026-09-04T20:31:42","slug":"noboa-dice-que-se-ha-logrado-capturar-al-90-de-cabecillas-en-ecuador","status":"publish","type":"post","link":"https:\/\/infozamoraec.com\/index.php\/2026\/09\/04\/noboa-dice-que-se-ha-logrado-capturar-al-90-de-cabecillas-en-ecuador\/","title":{"rendered":"Noboa dice que se ha logrado capturar al 90% de cabecillas en Ecuador"},"content":{"rendered":"<p>El presidente Daniel Noboa afirm\u00f3 que su gobierno ha capturado al 90% de los cabecillas de las estructuras criminales en el pa\u00eds durante los \u00faltimos tres a\u00f1os. La declaraci\u00f3n la realiz\u00f3 este viernes 4 de septiembre de 2026 en una entrevista concedida a la cadena radial Radio i99.<\/p>\n<p>El reporte oficial incluy\u00f3 estad\u00edsticas de agosto de 2026 que reflejan bajas significativas en incidencia delictiva, destacando reducciones en robos a domicilios, comercios y automotores. Adicionalmente, se resalt\u00f3 la presi\u00f3n operativa en la frontera norte mediante acciones conjuntas con Colombia, lo que ha impedido la salida de importantes vol\u00famenes de sustancias sujetas a fiscalizaci\u00f3n.<\/p>\n<p>\u00abHemos luchado fuerte para dejar bien claro que hay un Estado, que nosotros estamos aqu\u00ed para poner orden y mostrarle a la gente que s\u00ed se puede tener un pa\u00eds de paz\u00bb, expres\u00f3 Noboa.<\/p>\n<p>El mandatario tambi\u00e9n apunt\u00f3 a esto gracias a la ayuda y el apoyo de Colombia y las acciones del presidente Abelardo de la Espriella. \u00abNuestros vecinos eran los grupos armados, era un seudo Estado que hab\u00eda cuadruplicado la producci\u00f3n de coca y eso nos afectaba a nosotros\u00bb, apunt\u00f3. (I)<\/p>\n","protected":false},"excerpt":{"rendered":"<p>El presidente Daniel Noboa afirm\u00f3 que su gobierno ha capturado al 90% de los cabecillas de las estructuras criminales en el pa\u00eds durante los \u00faltimos tres a\u00f1os. La declaraci\u00f3n la realiz\u00f3 este viernes 4 de septiembre de 2026 en una entrevista concedida a la cadena radial Radio i99. El reporte oficial incluy\u00f3 estad\u00edsticas de agosto [&hellip;]<\/p>\n","protected":false},"author":1,"featured_media":24846,"comment_status":"open","ping_status":"open","sticky":false,"template":"","format":"standard","meta":{"footnotes":""},"categories":[12],"tags":[],"_links":{"self":[{"href":"https:\/\/infozamoraec.com\/index.php\/wp-json\/wp\/v2\/posts\/24845"}],"collection":[{"href":"https:\/\/infozamoraec.com\/index.php\/wp-json\/wp\/v2\/posts"}],"about":[{"href":"https:\/\/infozamoraec.com\/index.php\/wp-json\/wp\/v2\/types\/post"}],"author":[{"embeddable":true,"href":"https:\/\/infozamoraec.com\/index.php\/wp-json\/wp\/v2\/users\/1"}],"replies":[{"embeddable":true,"href":"https:\/\/infozamoraec.com\/index.php\/wp-json\/wp\/v2\/comments?post=24845"}],"version-history":[{"count":1,"href":"https:\/\/infozamoraec.com\/index.php\/wp-json\/wp\/v2\/posts\/24845\/revisions"}],"predecessor-version":[{"id":24847,"href":"https:\/\/infozamoraec.com\/index.php\/wp-json\/wp\/v2\/posts\/24845\/revisions\/24847"}],"wp:featuredmedia":[{"embeddable":true,"href":"https:\/\/infozamoraec.com\/index.php\/wp-json\/wp\/v2\/media\/24846"}],"wp:attachment":[{"href":"https:\/\/infozamoraec.com\/index.php\/wp-json\/wp\/v2\/media?parent=24845"}],"wp:term":[{"taxonomy":"category","embeddable":true,"href":"https:\/\/infozamoraec.com\/index.php\/wp-json\/wp\/v2\/categories?post=24845"},{"taxonomy":"post_tag","embeddable":true,"href":"https:\/\/infozamoraec.com\/index.php\/wp-json\/wp\/v2\/tags?post=24845"}],"curies":[{"name":"wp","href":"https:\/\/api.w.org\/{rel}","templated":true}]}}