{"id":24842,"date":"2026-09-04T20:26:50","date_gmt":"2026-09-04T20:26:50","guid":{"rendered":"https:\/\/infozamoraec.com\/?p=24842"},"modified":"2026-09-04T20:27:28","modified_gmt":"2026-09-04T20:27:28","slug":"milton-gonzalez-expone-sus-motivaciones-y-prioridades-para-el-pangui","status":"publish","type":"post","link":"https:\/\/infozamoraec.com\/index.php\/2026\/09\/04\/milton-gonzalez-expone-sus-motivaciones-y-prioridades-para-el-pangui\/","title":{"rendered":"Milton Gonz\u00e1lez expone sus motivaciones y prioridades para El Pangui"},"content":{"rendered":"<p class=\"isSelectedEnd\">Milton Gonz\u00e1lez, candidato a la Alcald\u00eda del cant\u00f3n El Pangui por la alianza Fuerza, particip\u00f3 este viernes 4 de septiembre en una entrevista en Zeta Radio 106.9 FM, donde habl\u00f3 sobre su trayectoria, las candidaturas que integran su equipo y las principales necesidades que, seg\u00fan se\u00f1al\u00f3, enfrenta el cant\u00f3n.<\/p>\n<p class=\"isSelectedEnd\">Durante el di\u00e1logo, Gonz\u00e1lez cont\u00f3 aspectos de su trayectoria personal. Se\u00f1al\u00f3 que naci\u00f3 y creci\u00f3 en El Pangui, realiz\u00f3 sus estudios iniciales en esta localidad y posteriormente curs\u00f3 la carrera de Derecho en la ciudad de Loja, antes de regresar a su ciudad natal. Explic\u00f3 que su decisi\u00f3n de participar en pol\u00edtica responde a su intenci\u00f3n de contribuir a cambios en el cant\u00f3n y que fueron amigos y ciudadanos cercanos quienes lo motivaron a pasar de la observaci\u00f3n a la participaci\u00f3n pol\u00edtica.<\/p>\n<p class=\"isSelectedEnd\">El candidato tambi\u00e9n present\u00f3 a quienes integran las listas que lo acompa\u00f1an. Para el Concejo Municipal mencion\u00f3 a Diana Amijos, ingeniera industrial con experiencia en el \u00e1rea administrativa y contrataci\u00f3n p\u00fablica; Emidio Calva, vinculado a la actividad art\u00edstica y comunitaria; y Jennifer Caicedo, a quien identific\u00f3 como representante del sector juvenil y con trayectoria deportiva.<\/p>\n<p class=\"isSelectedEnd\">En cuanto a la representaci\u00f3n rural, present\u00f3 a Fabi\u00e1n Ushap, representante de la comunidad Shuar, y a Jennifer Moreno, enfermera profesional con ra\u00edces familiares en el barrio San Roque, de la parroquia Pachicuza. Para los gobiernos parroquiales rurales mencion\u00f3 a quienes lideran las listas, Yanela Rojas, candidata en Pachicutza; Karen Fajardo, en El G\u00fcismi; y Diego Maxi, en Tundayme.<\/p>\n<p class=\"isSelectedEnd\">Gonz\u00e1lez destac\u00f3 durante la entrevista la importancia de la participaci\u00f3n de mujeres y j\u00f3venes en la pol\u00edtica. Se\u00f1al\u00f3 que su propuesta busca mantener una representaci\u00f3n equilibrada entre hombres y mujeres e incorporar la participaci\u00f3n juvenil. Tambi\u00e9n plante\u00f3 la creaci\u00f3n de una escuela de formaci\u00f3n pol\u00edtica dentro de su organizaci\u00f3n para preparar a nuevos dirigentes.<\/p>\n<p class=\"isSelectedEnd\">Respecto a la campa\u00f1a, sostuvo que el contacto directo con la ciudadan\u00eda, particularmente mediante recorridos puerta a puerta, constituye una de las principales estrategias para conocer las necesidades de los habitantes. Seg\u00fan explic\u00f3, estos encuentros le han permitido identificar al abastecimiento de agua potable como uno de los principales problemas que requieren atenci\u00f3n, junto con la seguridad, la salud y la infraestructura vial.<\/p>\n<p class=\"isSelectedEnd\">Gonz\u00e1lez confirm\u00f3 adem\u00e1s su participaci\u00f3n en la alianza Fuerza y explic\u00f3 que su organizaci\u00f3n mantiene acuerdos con otros sectores pol\u00edticos para las elecciones seccionales de 2027.<\/p>\n<p>&nbsp;<\/p>\n","protected":false},"excerpt":{"rendered":"<p>Milton Gonz\u00e1lez, candidato a la Alcald\u00eda del cant\u00f3n El Pangui por la alianza Fuerza, particip\u00f3 este viernes 4 de septiembre en una entrevista en Zeta Radio 106.9 FM, donde habl\u00f3 sobre su trayectoria, las candidaturas que integran su equipo y las principales necesidades que, seg\u00fan se\u00f1al\u00f3, enfrenta el cant\u00f3n. Durante el di\u00e1logo, Gonz\u00e1lez cont\u00f3 aspectos [&hellip;]<\/p>\n","protected":false},"author":1,"featured_media":24843,"comment_status":"open","ping_status":"open","sticky":false,"template":"","format":"standard","meta":{"footnotes":""},"categories":[9],"tags":[],"_links":{"self":[{"href":"https:\/\/infozamoraec.com\/index.php\/wp-json\/wp\/v2\/posts\/24842"}],"collection":[{"href":"https:\/\/infozamoraec.com\/index.php\/wp-json\/wp\/v2\/posts"}],"about":[{"href":"https:\/\/infozamoraec.com\/index.php\/wp-json\/wp\/v2\/types\/post"}],"author":[{"embeddable":true,"href":"https:\/\/infozamoraec.com\/index.php\/wp-json\/wp\/v2\/users\/1"}],"replies":[{"embeddable":true,"href":"https:\/\/infozamoraec.com\/index.php\/wp-json\/wp\/v2\/comments?post=24842"}],"version-history":[{"count":1,"href":"https:\/\/infozamoraec.com\/index.php\/wp-json\/wp\/v2\/posts\/24842\/revisions"}],"predecessor-version":[{"id":24844,"href":"https:\/\/infozamoraec.com\/index.php\/wp-json\/wp\/v2\/posts\/24842\/revisions\/24844"}],"wp:featuredmedia":[{"embeddable":true,"href":"https:\/\/infozamoraec.com\/index.php\/wp-json\/wp\/v2\/media\/24843"}],"wp:attachment":[{"href":"https:\/\/infozamoraec.com\/index.php\/wp-json\/wp\/v2\/media?parent=24842"}],"wp:term":[{"taxonomy":"category","embeddable":true,"href":"https:\/\/infozamoraec.com\/index.php\/wp-json\/wp\/v2\/categories?post=24842"},{"taxonomy":"post_tag","embeddable":true,"href":"https:\/\/infozamoraec.com\/index.php\/wp-json\/wp\/v2\/tags?post=24842"}],"curies":[{"name":"wp","href":"https:\/\/api.w.org\/{rel}","templated":true}]}}