{"id":24837,"date":"2026-09-04T19:59:41","date_gmt":"2026-09-04T19:59:41","guid":{"rendered":"https:\/\/infozamoraec.com\/?p=24837"},"modified":"2026-09-04T19:59:41","modified_gmt":"2026-09-04T19:59:41","slug":"zamora-define-areas-prioritarias-para-conservacion-y-manejo-sostenible-del-territorio","status":"publish","type":"post","link":"https:\/\/infozamoraec.com\/index.php\/2026\/09\/04\/zamora-define-areas-prioritarias-para-conservacion-y-manejo-sostenible-del-territorio\/","title":{"rendered":"Zamora define \u00e1reas prioritarias para conservaci\u00f3n y manejo sostenible del territorio"},"content":{"rendered":"<p>En el Sal\u00f3n del Pueblo del GAD Municipal de Zamora, este jueves 3 de septiembre, se desarroll\u00f3 el Taller para la Priorizaci\u00f3n Territorial de \u00c1reas de Intervenci\u00f3n del proyecto CONECTA ASL3.<\/p>\n<p>La jornada reuni\u00f3 a representantes institucionales y actores locales para identificar las zonas del cant\u00f3n que presentan mayores oportunidades para implementar acciones de conservaci\u00f3n de ecosistemas estrat\u00e9gicos y manejo sostenible de la tierra.<\/p>\n<p>Durante el taller se aplic\u00f3 un an\u00e1lisis multicriterio que consider\u00f3 aspectos ambientales, h\u00eddricos y sociales. El proceso busca establecer las \u00e1reas donde se concentrar\u00e1n las intervenciones del proyecto, de acuerdo con las caracter\u00edsticas y necesidades del territorio.<\/p>\n<p>Entre los objetivos de CONECTA ASL3 est\u00e1n fortalecer la conservaci\u00f3n de ecosistemas, proteger fuentes h\u00eddricas, mantener la conectividad ecol\u00f3gica y promover una gesti\u00f3n sostenible del territorio.<\/p>\n<p>El proceso tambi\u00e9n contempla la generaci\u00f3n de acuerdos de conservaci\u00f3n entre los actores involucrados, con el prop\u00f3sito de contribuir a la protecci\u00f3n de los recursos naturales y compatibilizar su manejo con las necesidades de desarrollo del cant\u00f3n.<\/p>\n","protected":false},"excerpt":{"rendered":"<p>En el Sal\u00f3n del Pueblo del GAD Municipal de Zamora, este jueves 3 de septiembre, se desarroll\u00f3 el Taller para la Priorizaci\u00f3n Territorial de \u00c1reas de Intervenci\u00f3n del proyecto CONECTA ASL3. La jornada reuni\u00f3 a representantes institucionales y actores locales para identificar las zonas del cant\u00f3n que presentan mayores oportunidades para implementar acciones de conservaci\u00f3n [&hellip;]<\/p>\n","protected":false},"author":1,"featured_media":24839,"comment_status":"open","ping_status":"open","sticky":false,"template":"","format":"standard","meta":{"footnotes":""},"categories":[9],"tags":[],"_links":{"self":[{"href":"https:\/\/infozamoraec.com\/index.php\/wp-json\/wp\/v2\/posts\/24837"}],"collection":[{"href":"https:\/\/infozamoraec.com\/index.php\/wp-json\/wp\/v2\/posts"}],"about":[{"href":"https:\/\/infozamoraec.com\/index.php\/wp-json\/wp\/v2\/types\/post"}],"author":[{"embeddable":true,"href":"https:\/\/infozamoraec.com\/index.php\/wp-json\/wp\/v2\/users\/1"}],"replies":[{"embeddable":true,"href":"https:\/\/infozamoraec.com\/index.php\/wp-json\/wp\/v2\/comments?post=24837"}],"version-history":[{"count":2,"href":"https:\/\/infozamoraec.com\/index.php\/wp-json\/wp\/v2\/posts\/24837\/revisions"}],"predecessor-version":[{"id":24841,"href":"https:\/\/infozamoraec.com\/index.php\/wp-json\/wp\/v2\/posts\/24837\/revisions\/24841"}],"wp:featuredmedia":[{"embeddable":true,"href":"https:\/\/infozamoraec.com\/index.php\/wp-json\/wp\/v2\/media\/24839"}],"wp:attachment":[{"href":"https:\/\/infozamoraec.com\/index.php\/wp-json\/wp\/v2\/media?parent=24837"}],"wp:term":[{"taxonomy":"category","embeddable":true,"href":"https:\/\/infozamoraec.com\/index.php\/wp-json\/wp\/v2\/categories?post=24837"},{"taxonomy":"post_tag","embeddable":true,"href":"https:\/\/infozamoraec.com\/index.php\/wp-json\/wp\/v2\/tags?post=24837"}],"curies":[{"name":"wp","href":"https:\/\/api.w.org\/{rel}","templated":true}]}}