{"id":24826,"date":"2026-09-04T11:47:10","date_gmt":"2026-09-04T11:47:10","guid":{"rendered":"https:\/\/infozamoraec.com\/?p=24826"},"modified":"2026-09-04T11:47:26","modified_gmt":"2026-09-04T11:47:26","slug":"hiperconectividad-y-sobrecarga-laboral-pueden-convertir-la-fatiga-en-un-problema-cotidiano","status":"publish","type":"post","link":"https:\/\/infozamoraec.com\/index.php\/2026\/09\/04\/hiperconectividad-y-sobrecarga-laboral-pueden-convertir-la-fatiga-en-un-problema-cotidiano\/","title":{"rendered":"Hiperconectividad y sobrecarga laboral pueden convertir la fatiga en un problema cotidiano"},"content":{"rendered":"<p>La fatiga laboral no siempre est\u00e1 relacionada con el esfuerzo f\u00edsico. Las jornadas prolongadas frente a pantallas, las reuniones, las notificaciones constantes y la acumulaci\u00f3n de decisiones tambi\u00e9n pueden generar agotamiento, especialmente cuando desaparecen los espacios de descanso y desconexi\u00f3n.<\/p>\n<p>En su informe de abril de 2026, la Organizaci\u00f3n Internacional del Trabajo (OIT) identifica las altas demandas laborales, las jornadas extensas, la baja autonom\u00eda y la inseguridad laboral entre los principales riesgos psicosociales. Seg\u00fan el organismo, estos factores est\u00e1n relacionados con m\u00e1s de 840.000 muertes al a\u00f1o y con la p\u00e9rdida de a\u00f1os de vida saludable debido a enfermedades y discapacidades vinculadas al trabajo.<\/p>\n<p>La digitalizaci\u00f3n tambi\u00e9n plantea nuevos desaf\u00edos. La OIT advierte que la dificultad para desconectarse puede desdibujar los l\u00edmites entre la vida laboral y personal. A esto se suman los efectos del estr\u00e9s prolongado, que, de acuerdo con la Organizaci\u00f3n Mundial de la Salud (OMS), pueden incluir ansiedad, irritabilidad, dolores f\u00edsicos y alteraciones del sue\u00f1o.<\/p>\n<p>Un estudio realizado en 2025 con 20 docentes de Santa Elena, Ecuador, evidenci\u00f3 esta problem\u00e1tica en el \u00e1mbito educativo. El 65 % de los participantes se\u00f1al\u00f3 que las demandas laborales superaban su capacidad, mientras que entre las manifestaciones reportadas estuvieron la fatiga, irritabilidad y dificultades de concentraci\u00f3n y sue\u00f1o. El estudio, por su tama\u00f1o, no representa a todos los trabajadores del pa\u00eds, pero muestra los posibles efectos de la presi\u00f3n laboral sostenida.<\/p>\n<p>Especialistas recomiendan intervenir antes de que el agotamiento se convierta en una condici\u00f3n permanente. Entre las medidas planteadas est\u00e1n establecer pausas durante las jornadas, limitar la conexi\u00f3n fuera del horario laboral cuando las caracter\u00edsticas del puesto lo permitan, organizar y priorizar tareas, reducir la multitarea y proteger los espacios destinados al descanso y la vida personal.<\/p>\n<p>Tambi\u00e9n se plantea fortalecer la comunicaci\u00f3n dentro de las organizaciones para identificar oportunamente situaciones de sobrecarga, monitorear indicadores relacionados con el estr\u00e9s, promover el apoyo entre compa\u00f1eros y otorgar mayor autonom\u00eda a los trabajadores.<\/p>\n<p>La Dra. Carla Cevallos, jefa de Seguridad, Salud y Ambiente de Laboratorios Bag\u00f3, se\u00f1al\u00f3 que la prevenci\u00f3n debe comenzar antes de que una persona llegue al agotamiento. A su criterio, las pausas, la organizaci\u00f3n de tareas y los espacios de desconexi\u00f3n forman parte de una cultura preventiva que contribuye a proteger a los trabajadores y mejorar la calidad del trabajo.<\/p>\n<p>Laboratorios Bag\u00f3 inform\u00f3 que cuenta con un Programa de Bienestar Emocional que aborda diferentes temas relacionados con la prevenci\u00f3n y ofrece acompa\u00f1amiento de especialistas, adem\u00e1s de atenci\u00f3n psicol\u00f3gica gratuita cuando es necesario.<\/p>\n<p>La fatiga ocasional no necesariamente constituye una enfermedad, pero cuando el cansancio comienza a afectar el estado de \u00e1nimo, el sue\u00f1o o las actividades cotidianas puede ser una se\u00f1al para revisar las condiciones de trabajo y buscar apoyo. La prevenci\u00f3n busca evitar que el agotamiento se convierta en una parte normal de la jornada laboral.<\/p>\n","protected":false},"excerpt":{"rendered":"<p>La fatiga laboral no siempre est\u00e1 relacionada con el esfuerzo f\u00edsico. Las jornadas prolongadas frente a pantallas, las reuniones, las notificaciones constantes y la acumulaci\u00f3n de decisiones tambi\u00e9n pueden generar agotamiento, especialmente cuando desaparecen los espacios de descanso y desconexi\u00f3n. En su informe de abril de 2026, la Organizaci\u00f3n Internacional del Trabajo (OIT) identifica las [&hellip;]<\/p>\n","protected":false},"author":1,"featured_media":24827,"comment_status":"open","ping_status":"open","sticky":false,"template":"","format":"standard","meta":{"footnotes":""},"categories":[12,11],"tags":[],"_links":{"self":[{"href":"https:\/\/infozamoraec.com\/index.php\/wp-json\/wp\/v2\/posts\/24826"}],"collection":[{"href":"https:\/\/infozamoraec.com\/index.php\/wp-json\/wp\/v2\/posts"}],"about":[{"href":"https:\/\/infozamoraec.com\/index.php\/wp-json\/wp\/v2\/types\/post"}],"author":[{"embeddable":true,"href":"https:\/\/infozamoraec.com\/index.php\/wp-json\/wp\/v2\/users\/1"}],"replies":[{"embeddable":true,"href":"https:\/\/infozamoraec.com\/index.php\/wp-json\/wp\/v2\/comments?post=24826"}],"version-history":[{"count":2,"href":"https:\/\/infozamoraec.com\/index.php\/wp-json\/wp\/v2\/posts\/24826\/revisions"}],"predecessor-version":[{"id":24829,"href":"https:\/\/infozamoraec.com\/index.php\/wp-json\/wp\/v2\/posts\/24826\/revisions\/24829"}],"wp:featuredmedia":[{"embeddable":true,"href":"https:\/\/infozamoraec.com\/index.php\/wp-json\/wp\/v2\/media\/24827"}],"wp:attachment":[{"href":"https:\/\/infozamoraec.com\/index.php\/wp-json\/wp\/v2\/media?parent=24826"}],"wp:term":[{"taxonomy":"category","embeddable":true,"href":"https:\/\/infozamoraec.com\/index.php\/wp-json\/wp\/v2\/categories?post=24826"},{"taxonomy":"post_tag","embeddable":true,"href":"https:\/\/infozamoraec.com\/index.php\/wp-json\/wp\/v2\/tags?post=24826"}],"curies":[{"name":"wp","href":"https:\/\/api.w.org\/{rel}","templated":true}]}}