{"id":24823,"date":"2026-09-03T22:12:46","date_gmt":"2026-09-03T22:12:46","guid":{"rendered":"https:\/\/infozamoraec.com\/?p=24823"},"modified":"2026-09-03T22:12:46","modified_gmt":"2026-09-03T22:12:46","slug":"aprobacion-de-dos-actas-en-sesion-del-concejo-de-zamora-genera-cuestionamientos-sobre-su-productividad","status":"publish","type":"post","link":"https:\/\/infozamoraec.com\/index.php\/2026\/09\/03\/aprobacion-de-dos-actas-en-sesion-del-concejo-de-zamora-genera-cuestionamientos-sobre-su-productividad\/","title":{"rendered":"Aprobaci\u00f3n de dos actas en sesi\u00f3n del Concejo de Zamora genera cuestionamientos sobre su productividad"},"content":{"rendered":"<p>Una publicaci\u00f3n realizada el 31 de agosto por el GAD Municipal de Zamora gener\u00f3 reacciones relacionadas con la productividad del Concejo Municipal. La instituci\u00f3n inform\u00f3 que, durante una sesi\u00f3n ordinaria presidida por el alcalde Manuel Gonz\u00e1lez, el principal punto tratado fue la aprobaci\u00f3n de dos actas de sesiones anteriores.<\/p>\n<p>De acuerdo con la publicaci\u00f3n oficial, como parte del desarrollo formal de la sesi\u00f3n se realiz\u00f3 la constataci\u00f3n del qu\u00f3rum reglamentario y posteriormente se efectu\u00f3 la apertura de la reuni\u00f3n. Como punto principal del orden del d\u00eda, el pleno del Concejo aprob\u00f3 por unanimidad el Acta Nro. 37-2026, correspondiente a la sesi\u00f3n extraordinaria del 11 de agosto, y el Acta Nro. 39-2026, correspondiente a la sesi\u00f3n ordinaria del 18 de agosto. Cumplido este punto, se procedi\u00f3 a la clausura de la sesi\u00f3n.<\/p>\n<p>La publicaci\u00f3n gener\u00f3 cuestionamientos sobre el nivel de productividad del Cabildo. El exalcalde de Zamora, Smilkar Rodr\u00edguez, manifest\u00f3 que legalmente una sesi\u00f3n puede tratar incluso un solo punto; sin embargo, consider\u00f3 que hacerlo no ser\u00eda eficiente frente a la cantidad de asuntos que requieren an\u00e1lisis por parte del Concejo.<\/p>\n<p>Rodr\u00edguez mencion\u00f3 entre estos temas los tr\u00e1mites administrativos, informes, trabajo de comisiones, proyectos, obras, ordenanzas y reformas. A su criterio, las sesiones representan adem\u00e1s el uso de recursos p\u00fablicos y el trabajo previo de diferentes \u00e1reas de la administraci\u00f3n municipal.<\/p>\n<p>Por su parte, el activista Ra\u00fal Romero Le\u00f3n cuestion\u00f3 que la publicaci\u00f3n institucional destacara como resultado de una sesi\u00f3n ordinaria la aprobaci\u00f3n de dos actas. Reconoci\u00f3 que se trata de un procedimiento administrativo, pero sostuvo que las sesiones del Concejo tambi\u00e9n deber\u00edan constituirse en espacios para debatir, fiscalizar y buscar soluciones a los problemas que enfrenta el cant\u00f3n.<\/p>\n<p>Romero se\u00f1al\u00f3 que Zamora mantiene necesidades en diferentes \u00e1reas que requieren planificaci\u00f3n y decisiones del Cabildo. En ese sentido, plante\u00f3 que cada sesi\u00f3n deber\u00eda generar resultados y abordar asuntos de mayor alcance para la ciudadan\u00eda.<\/p>\n<p>Los pronunciamientos abren un debate sobre la agenda y productividad del Concejo Municipal de Zamora. Mientras la publicaci\u00f3n institucional report\u00f3 el cumplimiento del orden del d\u00eda y la aprobaci\u00f3n de las actas, los cuestionamientos ciudadanos se enfocan en la cantidad y alcance de los temas abordados durante las sesiones.<\/p>\n","protected":false},"excerpt":{"rendered":"<p>Una publicaci\u00f3n realizada el 31 de agosto por el GAD Municipal de Zamora gener\u00f3 reacciones relacionadas con la productividad del Concejo Municipal. La instituci\u00f3n inform\u00f3 que, durante una sesi\u00f3n ordinaria presidida por el alcalde Manuel Gonz\u00e1lez, el principal punto tratado fue la aprobaci\u00f3n de dos actas de sesiones anteriores. De acuerdo con la publicaci\u00f3n oficial, [&hellip;]<\/p>\n","protected":false},"author":1,"featured_media":24824,"comment_status":"open","ping_status":"open","sticky":false,"template":"","format":"standard","meta":{"footnotes":""},"categories":[9],"tags":[],"_links":{"self":[{"href":"https:\/\/infozamoraec.com\/index.php\/wp-json\/wp\/v2\/posts\/24823"}],"collection":[{"href":"https:\/\/infozamoraec.com\/index.php\/wp-json\/wp\/v2\/posts"}],"about":[{"href":"https:\/\/infozamoraec.com\/index.php\/wp-json\/wp\/v2\/types\/post"}],"author":[{"embeddable":true,"href":"https:\/\/infozamoraec.com\/index.php\/wp-json\/wp\/v2\/users\/1"}],"replies":[{"embeddable":true,"href":"https:\/\/infozamoraec.com\/index.php\/wp-json\/wp\/v2\/comments?post=24823"}],"version-history":[{"count":1,"href":"https:\/\/infozamoraec.com\/index.php\/wp-json\/wp\/v2\/posts\/24823\/revisions"}],"predecessor-version":[{"id":24825,"href":"https:\/\/infozamoraec.com\/index.php\/wp-json\/wp\/v2\/posts\/24823\/revisions\/24825"}],"wp:featuredmedia":[{"embeddable":true,"href":"https:\/\/infozamoraec.com\/index.php\/wp-json\/wp\/v2\/media\/24824"}],"wp:attachment":[{"href":"https:\/\/infozamoraec.com\/index.php\/wp-json\/wp\/v2\/media?parent=24823"}],"wp:term":[{"taxonomy":"category","embeddable":true,"href":"https:\/\/infozamoraec.com\/index.php\/wp-json\/wp\/v2\/categories?post=24823"},{"taxonomy":"post_tag","embeddable":true,"href":"https:\/\/infozamoraec.com\/index.php\/wp-json\/wp\/v2\/tags?post=24823"}],"curies":[{"name":"wp","href":"https:\/\/api.w.org\/{rel}","templated":true}]}}