{"id":24817,"date":"2026-09-03T21:57:48","date_gmt":"2026-09-03T21:57:48","guid":{"rendered":"https:\/\/infozamoraec.com\/?p=24817"},"modified":"2026-09-03T21:57:48","modified_gmt":"2026-09-03T21:57:48","slug":"espana-sera-un-pais-arruinado-afirma-trump","status":"publish","type":"post","link":"https:\/\/infozamoraec.com\/index.php\/2026\/09\/03\/espana-sera-un-pais-arruinado-afirma-trump\/","title":{"rendered":"\u00abEspa\u00f1a ser\u00e1 un pa\u00eds arruinado\u00bb, afirma Trump"},"content":{"rendered":"<p>El presidente de Estados Unidos, Donald Trump, critic\u00f3 este mi\u00e9rcoles (03.09.2026) la gesti\u00f3n del gobierno socialista de Pedro S\u00e1nchez y se refiri\u00f3 a la crisis en Ceuta, donde m\u00e1s de 70.000 migrantes ilegales irrumpieron en dos d\u00edas en julio.<\/p>\n<p>\u00abEspa\u00f1a ser\u00e1 un pa\u00eds arruinado. Tengo problemas con Espa\u00f1a porque no se est\u00e1 comportando demasiado bien con respecto a la OTAN y no paga lo que deber\u00eda pagar\u00bb, declar\u00f3 el mandatario en una entrevista con el canal brit\u00e1nico GB News.<\/p>\n<p>El l\u00edder de la Casa Blanca consider\u00f3 \u00abterrible\u00bb la situaci\u00f3n porque los dem\u00e1s pa\u00edses de la alianza atl\u00e1ntica aceptaron elevar el gasto militar, mientras que Espa\u00f1a dice \u00abYo no pago\u00bb.<\/p>\n<p>Asimismo, aludi\u00f3 a la entrada masiva de migrantes ilegales en la ciudad aut\u00f3noma espa\u00f1ola de Ceuta, fronteriza con Marruecos, el pasado 30 de julio. \u00abLo que est\u00e1 ocurriendo all\u00ed es muy triste de ver (&#8230;) Miles de personas irrumpiendo en masa en su pa\u00eds. Nunca he visto nada igual\u00bb, expres\u00f3.<\/p>\n<p>Estados Unidos ser\u00e1 como Ceuta \u00absi gana el lado equivocado\u00bb<br \/>\nTrump mantiene una relaci\u00f3n tensa con el gobierno de S\u00e1nchez por la postura del pa\u00eds europeo sobre el gasto militar y por su negativa a autorizar el uso de bases militares en su territorio para abastecer a aviones de combate estadounidenses que participan en la guerra contra el r\u00e9gimen isl\u00e1mico de Ir\u00e1n.<\/p>\n<p>El mandatario tambi\u00e9n advirti\u00f3 a los estadounidenses a finales de julio que la situaci\u00f3n en Ceuta podr\u00eda repetirse en Estados Unidos \u00absi gana el lado equivocado\u00bb, de cara a las elecciones legislativas del pr\u00f3ximo 3 de noviembre. \u00abSi los dem\u00f3cratas llegan al poder, no vamos a vivir muy bien\u00bb, sostuvo.<\/p>\n<p>rr efe\/el pa\u00eds<\/p>\n","protected":false},"excerpt":{"rendered":"<p>El presidente de Estados Unidos, Donald Trump, critic\u00f3 este mi\u00e9rcoles (03.09.2026) la gesti\u00f3n del gobierno socialista de Pedro S\u00e1nchez y se refiri\u00f3 a la crisis en Ceuta, donde m\u00e1s de 70.000 migrantes ilegales irrumpieron en dos d\u00edas en julio. \u00abEspa\u00f1a ser\u00e1 un pa\u00eds arruinado. Tengo problemas con Espa\u00f1a porque no se est\u00e1 comportando demasiado bien [&hellip;]<\/p>\n","protected":false},"author":1,"featured_media":24818,"comment_status":"open","ping_status":"open","sticky":false,"template":"","format":"standard","meta":{"footnotes":""},"categories":[8],"tags":[],"_links":{"self":[{"href":"https:\/\/infozamoraec.com\/index.php\/wp-json\/wp\/v2\/posts\/24817"}],"collection":[{"href":"https:\/\/infozamoraec.com\/index.php\/wp-json\/wp\/v2\/posts"}],"about":[{"href":"https:\/\/infozamoraec.com\/index.php\/wp-json\/wp\/v2\/types\/post"}],"author":[{"embeddable":true,"href":"https:\/\/infozamoraec.com\/index.php\/wp-json\/wp\/v2\/users\/1"}],"replies":[{"embeddable":true,"href":"https:\/\/infozamoraec.com\/index.php\/wp-json\/wp\/v2\/comments?post=24817"}],"version-history":[{"count":1,"href":"https:\/\/infozamoraec.com\/index.php\/wp-json\/wp\/v2\/posts\/24817\/revisions"}],"predecessor-version":[{"id":24819,"href":"https:\/\/infozamoraec.com\/index.php\/wp-json\/wp\/v2\/posts\/24817\/revisions\/24819"}],"wp:featuredmedia":[{"embeddable":true,"href":"https:\/\/infozamoraec.com\/index.php\/wp-json\/wp\/v2\/media\/24818"}],"wp:attachment":[{"href":"https:\/\/infozamoraec.com\/index.php\/wp-json\/wp\/v2\/media?parent=24817"}],"wp:term":[{"taxonomy":"category","embeddable":true,"href":"https:\/\/infozamoraec.com\/index.php\/wp-json\/wp\/v2\/categories?post=24817"},{"taxonomy":"post_tag","embeddable":true,"href":"https:\/\/infozamoraec.com\/index.php\/wp-json\/wp\/v2\/tags?post=24817"}],"curies":[{"name":"wp","href":"https:\/\/api.w.org\/{rel}","templated":true}]}}