{"id":24814,"date":"2026-09-03T21:55:59","date_gmt":"2026-09-03T21:55:59","guid":{"rendered":"https:\/\/infozamoraec.com\/?p=24814"},"modified":"2026-09-03T21:55:59","modified_gmt":"2026-09-03T21:55:59","slug":"estados-unidos-sanciona-a-un-nieto-de-raul-castro-noticias-dw","status":"publish","type":"post","link":"https:\/\/infozamoraec.com\/index.php\/2026\/09\/03\/estados-unidos-sanciona-a-un-nieto-de-raul-castro-noticias-dw\/","title":{"rendered":"Estados Unidos sanciona a un nieto de Ra\u00fal Castro Noticias DW"},"content":{"rendered":"<p>Estados Unidos anunci\u00f3 este jueves (03.09.2026) sanciones contra Fidel Ernesto Castro, uno de los nietos del l\u00edder hist\u00f3rico cubano Ra\u00fal Castro, as\u00ed como contra cinco entidades econ\u00f3micas y bancarias del r\u00e9gimen comunista.<\/p>\n<p>Los designados \u00abexplotan los recursos naturales o las reservas energ\u00e9ticas de Cuba en beneficio del r\u00e9gimen\u00bb, dijo el secretario de Estado de Estados Unidos, Marco Rubio, en un comunicado. Esta nueva ola de sanciones se produce en un contexto de estancamiento de las negociaciones entre Washington y La Habana.<\/p>\n<p>El gobierno de Donald Trump exige a la isla cambios pol\u00edticos y econ\u00f3micos fundamentales, mientras que el r\u00e9gimen cubano denuncia el bloqueo petrolero que sufre desde hace seis meses, que se a\u00f1adi\u00f3 al embargo comercial vigente desde hace d\u00e9cadas.<\/p>\n<p>Banco Exterior de Cuba y compa\u00f1\u00edas mineras y energ\u00e9ticas tambi\u00e9n sancionados<br \/>\nFidel Ernesto Castro, de 31 a\u00f1os, es hijo de Alejandro Castro Esp\u00edn, general de brigada y una de las figuras principales del r\u00e9gimen, que fue a su vez sancionado por Washington recientemente.<\/p>\n<p>Ra\u00fal Castro, de 95 a\u00f1os, est\u00e1 por su parte inculpado formalmente ante la justicia estadounidense por la muerte de cuatro estadounidenses en el derribo de dos avionetas de un grupo anticastrista en 1996, cuando era ministro de Defensa.<\/p>\n<p>El Banco Exterior de Cuba y las empresas Nicarotec y Cexni, del sector minero, as\u00ed como Abapet y Comercial Cupet, del sector energ\u00e9tico, tambi\u00e9n entran en la lista de la OFAC este jueves. Los sancionados no podr\u00e1n entablar ning\u00fan tipo de relaci\u00f3n econ\u00f3mica o empresarial en Estados Unidos, ni acceder a su red financiera.<\/p>\n<p>rr afp\/reuters<\/p>\n","protected":false},"excerpt":{"rendered":"<p>Estados Unidos anunci\u00f3 este jueves (03.09.2026) sanciones contra Fidel Ernesto Castro, uno de los nietos del l\u00edder hist\u00f3rico cubano Ra\u00fal Castro, as\u00ed como contra cinco entidades econ\u00f3micas y bancarias del r\u00e9gimen comunista. Los designados \u00abexplotan los recursos naturales o las reservas energ\u00e9ticas de Cuba en beneficio del r\u00e9gimen\u00bb, dijo el secretario de Estado de Estados [&hellip;]<\/p>\n","protected":false},"author":1,"featured_media":24815,"comment_status":"open","ping_status":"open","sticky":false,"template":"","format":"standard","meta":{"footnotes":""},"categories":[8],"tags":[],"_links":{"self":[{"href":"https:\/\/infozamoraec.com\/index.php\/wp-json\/wp\/v2\/posts\/24814"}],"collection":[{"href":"https:\/\/infozamoraec.com\/index.php\/wp-json\/wp\/v2\/posts"}],"about":[{"href":"https:\/\/infozamoraec.com\/index.php\/wp-json\/wp\/v2\/types\/post"}],"author":[{"embeddable":true,"href":"https:\/\/infozamoraec.com\/index.php\/wp-json\/wp\/v2\/users\/1"}],"replies":[{"embeddable":true,"href":"https:\/\/infozamoraec.com\/index.php\/wp-json\/wp\/v2\/comments?post=24814"}],"version-history":[{"count":1,"href":"https:\/\/infozamoraec.com\/index.php\/wp-json\/wp\/v2\/posts\/24814\/revisions"}],"predecessor-version":[{"id":24816,"href":"https:\/\/infozamoraec.com\/index.php\/wp-json\/wp\/v2\/posts\/24814\/revisions\/24816"}],"wp:featuredmedia":[{"embeddable":true,"href":"https:\/\/infozamoraec.com\/index.php\/wp-json\/wp\/v2\/media\/24815"}],"wp:attachment":[{"href":"https:\/\/infozamoraec.com\/index.php\/wp-json\/wp\/v2\/media?parent=24814"}],"wp:term":[{"taxonomy":"category","embeddable":true,"href":"https:\/\/infozamoraec.com\/index.php\/wp-json\/wp\/v2\/categories?post=24814"},{"taxonomy":"post_tag","embeddable":true,"href":"https:\/\/infozamoraec.com\/index.php\/wp-json\/wp\/v2\/tags?post=24814"}],"curies":[{"name":"wp","href":"https:\/\/api.w.org\/{rel}","templated":true}]}}