{"id":24808,"date":"2026-09-03T21:50:31","date_gmt":"2026-09-03T21:50:31","guid":{"rendered":"https:\/\/infozamoraec.com\/?p=24808"},"modified":"2026-09-03T21:50:31","modified_gmt":"2026-09-03T21:50:31","slug":"temblor-en-puyo-la-manana-de-este-jueves-3-de-septiembre","status":"publish","type":"post","link":"https:\/\/infozamoraec.com\/index.php\/2026\/09\/03\/temblor-en-puyo-la-manana-de-este-jueves-3-de-septiembre\/","title":{"rendered":"Temblor en Puyo la ma\u00f1ana de este jueves 3 de septiembre"},"content":{"rendered":"<p>Un sismo de magnitud 3,2 se registr\u00f3 la ma\u00f1ana de este jueves 3 de septiembre de 2026 en la Amazon\u00eda ecuatoriana. El movimiento tel\u00farico tuvo su epicentro a 35,11 kil\u00f3metros de El Puyo, en la provincia de Pastaza.<\/p>\n<p>Seg\u00fan el reporte del Instituto Geof\u00edsico de la Escuela Polit\u00e9cnica Nacional, el sismo ocurri\u00f3 a las 09:09 y tuvo una profundidad de 162 kil\u00f3metros.<\/p>\n<p>Hasta el momento, las autoridades locales no han informado sobre da\u00f1os materiales ni personas afectadas a causa de los movimientos tel\u00faricos. El Instituto Geof\u00edsico pidi\u00f3 a la ciudadan\u00eda reportar si sinti\u00f3 alguno de los sismos a trav\u00e9s de sus canales oficiales.<\/p>\n<p>\u00bfPor qu\u00e9 hay tantos sismos en Ecuador?<br \/>\nEcuador se encuentra en el denominado Cintur\u00f3n o Anillo de Fuego del Pac\u00edfico, que concentra algunas de las zonas de subducci\u00f3n m\u00e1s importantes del mundo y es escenario de una fuerte actividad s\u00edsmica.<\/p>\n<p>Adem\u00e1s de Ecuador, el Cintur\u00f3n, que tiene forma de herradura y bordea el oc\u00e9ano Pac\u00edfico, comprende a una gran cantidad de pa\u00edses americanos como Chile, Argentina, Bolivia, Per\u00fa, Colombia, Panam\u00e1, Costa Rica, Nicaragua, El Salvador, Honduras, Guatemala, M\u00e9xico, Estados Unidos y Canad\u00e1, adem\u00e1s de naciones asi\u00e1ticas.<\/p>\n","protected":false},"excerpt":{"rendered":"<p>Un sismo de magnitud 3,2 se registr\u00f3 la ma\u00f1ana de este jueves 3 de septiembre de 2026 en la Amazon\u00eda ecuatoriana. El movimiento tel\u00farico tuvo su epicentro a 35,11 kil\u00f3metros de El Puyo, en la provincia de Pastaza. Seg\u00fan el reporte del Instituto Geof\u00edsico de la Escuela Polit\u00e9cnica Nacional, el sismo ocurri\u00f3 a las 09:09 [&hellip;]<\/p>\n","protected":false},"author":1,"featured_media":24809,"comment_status":"open","ping_status":"open","sticky":false,"template":"","format":"standard","meta":{"footnotes":""},"categories":[12],"tags":[],"_links":{"self":[{"href":"https:\/\/infozamoraec.com\/index.php\/wp-json\/wp\/v2\/posts\/24808"}],"collection":[{"href":"https:\/\/infozamoraec.com\/index.php\/wp-json\/wp\/v2\/posts"}],"about":[{"href":"https:\/\/infozamoraec.com\/index.php\/wp-json\/wp\/v2\/types\/post"}],"author":[{"embeddable":true,"href":"https:\/\/infozamoraec.com\/index.php\/wp-json\/wp\/v2\/users\/1"}],"replies":[{"embeddable":true,"href":"https:\/\/infozamoraec.com\/index.php\/wp-json\/wp\/v2\/comments?post=24808"}],"version-history":[{"count":1,"href":"https:\/\/infozamoraec.com\/index.php\/wp-json\/wp\/v2\/posts\/24808\/revisions"}],"predecessor-version":[{"id":24810,"href":"https:\/\/infozamoraec.com\/index.php\/wp-json\/wp\/v2\/posts\/24808\/revisions\/24810"}],"wp:featuredmedia":[{"embeddable":true,"href":"https:\/\/infozamoraec.com\/index.php\/wp-json\/wp\/v2\/media\/24809"}],"wp:attachment":[{"href":"https:\/\/infozamoraec.com\/index.php\/wp-json\/wp\/v2\/media?parent=24808"}],"wp:term":[{"taxonomy":"category","embeddable":true,"href":"https:\/\/infozamoraec.com\/index.php\/wp-json\/wp\/v2\/categories?post=24808"},{"taxonomy":"post_tag","embeddable":true,"href":"https:\/\/infozamoraec.com\/index.php\/wp-json\/wp\/v2\/tags?post=24808"}],"curies":[{"name":"wp","href":"https:\/\/api.w.org\/{rel}","templated":true}]}}