{"id":24802,"date":"2026-09-03T21:45:59","date_gmt":"2026-09-03T21:45:59","guid":{"rendered":"https:\/\/infozamoraec.com\/?p=24802"},"modified":"2026-09-03T21:45:59","modified_gmt":"2026-09-03T21:45:59","slug":"ola-de-sicariatos-sacude-a-guayaquil-al-menos-10-muertos-en-menos-de-24-horas","status":"publish","type":"post","link":"https:\/\/infozamoraec.com\/index.php\/2026\/09\/03\/ola-de-sicariatos-sacude-a-guayaquil-al-menos-10-muertos-en-menos-de-24-horas\/","title":{"rendered":"Ola de sicariatos sacude a Guayaquil: al menos 10 muertos en menos de 24 horas"},"content":{"rendered":"<p>A menos diez muertos y varios heridos, la mayor\u00eda en Guayaquil, han quedado cono saldo violento de ataques entre la madrugada del martes 2 y la noche del mi\u00e9rcoles 2 de septiembre: incluyen el asesinato de cuatro integrantes de una misma familia en un ataque con lancha, la ejecuci\u00f3n de dos j\u00f3venes sacados de sus camas y el baleo de un conductor de tricimoto frente a un colegio mientras transportaba ni\u00f1os.<\/p>\n<p>El episodio m\u00e1s grave se registr\u00f3 en el sector suroeste de la ciudad, en las calles 50 y Sedalana, donde alrededor de las 05:00 del mi\u00e9rcoles un grupo armado lleg\u00f3 en una lancha hasta una vivienda y abri\u00f3 fuego contra sus ocupantes. Seg\u00fan versiones policiales y fiscales, en el lugar murieron cuatro personas \u2014dos hombres y dos mujeres, todos adultos\u2014 y qued\u00f3 herido otro adulto, mientras dos menores lograron sobrevivir.<\/p>\n<p>Las autoridades investigan el hecho como parte de las disputas territoriales entre bandas criminales que operan en la zona.<\/p>\n<p>En el mismo sector, en un radio de pocas cuadras, se registraron otros dos ataques. La noche del martes, alrededor de las 23:00, tres sujetos en moto dispararon contra personas que se encontraban en una tienda ubicada en la intersecci\u00f3n de la calle 49 y Rosendo Avil\u00e9s; un hombre muri\u00f3 en el sitio y dos resultaron heridas. Horas despu\u00e9s, hacia las 21:00 del mi\u00e9rcoles, dos mujeres fueron asesinadas a tiros en la misma \u00e1rea, mientras una tercera persona qued\u00f3 herida.<\/p>\n<p>En el norte de Guayaquil, la violencia tambi\u00e9n golpe\u00f3 con fuerza. En el barrio Gallegos Lara, conocido como La Florida, un comando de aproximadamente diez hombres armados irrumpi\u00f3 en dos viviendas durante la madrugada del 2 de septiembre, sac\u00f3 a dos j\u00f3venes de sus camas y los ejecut\u00f3 con fusiles. Las v\u00edctimas fueron identificadas como Anderson Chicaiza Contreras, de 21 a\u00f1os, y Anthony Arreaga Heredia, de 23.<\/p>\n<p>La Polic\u00eda Cient\u00edfica levant\u00f3 los cuerpos y recogi\u00f3 evidencias en la escena, mientras la Fiscal\u00eda abri\u00f3 una investigaci\u00f3n por homicidio calificado.<\/p>\n<p>Otro hecho que encendi\u00f3 las alarmas ocurri\u00f3 en la parroquia Pascuales, tambi\u00e9n en el norte de la ciudad. Aproximadamente a las 06:50 de la ma\u00f1ana del mi\u00e9rcoles, un conductor de tricimoto de 19 a\u00f1os fue baleado cuando se encontraba frente a una unidad educativa, mientras trasladaba a varios menores de edad. Los ni\u00f1os resultaron ilesos, pero el joven muri\u00f3 en el lugar tras recibir m\u00faltiples impactos de bala.<\/p>\n<p>Agentes de la Polic\u00eda Nacional acordonaron el sector y revisaron c\u00e1maras de seguridad para identificar a los responsables.<\/p>\n<p>Las autoridades no han ofrecido a\u00fan un parte nacional consolidado que sume todas las muertes, pero los reportes de la Polic\u00eda, la Fiscal\u00eda y los medios permiten confirmar que, en menos de 24 horas, se registraron al menos diez fallecimientos vinculados a acciones de sicariato.<\/p>\n<p>Guayaquil, Manta, Quito y Machala siguen encabezando el ranking de ciudades con m\u00e1s homicidios en lo que va de 2026. El Oro, y en particular Machala, es la provincia que m\u00e1s ha empeorado respecto a 2025. Guayas sigue siendo el epicentro absoluto.<\/p>\n<p>Entre el 1 de enero y el 31 de julio de 2026, el Ministerio del Interior contabiliz\u00f3 4.882 homicidios intencionales en Ecuador, frente a 5.295 en el mismo lapso de 2025: una reducci\u00f3n de cerca del 7,8 %, insuficiente para sacar al pa\u00eds del segundo peor arranque de a\u00f1o de su historia reciente.<\/p>\n<p>El promedio se mantiene en torno a 23 muertes violentas por d\u00eda (una cada 63 minutos). Junio (693) y julio (704) ya superaron los conteos de esos mismos meses de 2025, el a\u00f1o r\u00e9cord, que cerr\u00f3 con 9.216 homicidios. No hay cifra oficial consolidada publicada al 2 de septiembre que sume agosto y los dos primeros d\u00edas de septiembre; si el ritmo diario de 23 se sostuvo en agosto, el acumulado enero\u20132 de septiembre superar\u00eda las 5.600 muertes, todav\u00eda por debajo del ritmo de 2025 pero muy por encima de cualquier a\u00f1o anterior a la crisis. Horarioy calendarios<\/p>\n<p>Guayas concentr\u00f3 2.028 de los 4.882 casos hasta julio; Manab\u00ed, 705; El Oro, 634; Los R\u00edos, 558. En ese mismo per\u00edodo fueron asesinados 345 menores de edad, un m\u00e1ximo hist\u00f3rico para siete meses. La baja nacional es real en el agregado, pero desigual: 79 cantones vieron subir los homicidios respecto a 2025, y las masacres de estos tres d\u00edas muestran que el aparato de sicariato y las disputas territoriales no se han detenido.<\/p>\n","protected":false},"excerpt":{"rendered":"<p>A menos diez muertos y varios heridos, la mayor\u00eda en Guayaquil, han quedado cono saldo violento de ataques entre la madrugada del martes 2 y la noche del mi\u00e9rcoles 2 de septiembre: incluyen el asesinato de cuatro integrantes de una misma familia en un ataque con lancha, la ejecuci\u00f3n de dos j\u00f3venes sacados de sus [&hellip;]<\/p>\n","protected":false},"author":1,"featured_media":24803,"comment_status":"open","ping_status":"open","sticky":false,"template":"","format":"standard","meta":{"footnotes":""},"categories":[12],"tags":[],"_links":{"self":[{"href":"https:\/\/infozamoraec.com\/index.php\/wp-json\/wp\/v2\/posts\/24802"}],"collection":[{"href":"https:\/\/infozamoraec.com\/index.php\/wp-json\/wp\/v2\/posts"}],"about":[{"href":"https:\/\/infozamoraec.com\/index.php\/wp-json\/wp\/v2\/types\/post"}],"author":[{"embeddable":true,"href":"https:\/\/infozamoraec.com\/index.php\/wp-json\/wp\/v2\/users\/1"}],"replies":[{"embeddable":true,"href":"https:\/\/infozamoraec.com\/index.php\/wp-json\/wp\/v2\/comments?post=24802"}],"version-history":[{"count":1,"href":"https:\/\/infozamoraec.com\/index.php\/wp-json\/wp\/v2\/posts\/24802\/revisions"}],"predecessor-version":[{"id":24804,"href":"https:\/\/infozamoraec.com\/index.php\/wp-json\/wp\/v2\/posts\/24802\/revisions\/24804"}],"wp:featuredmedia":[{"embeddable":true,"href":"https:\/\/infozamoraec.com\/index.php\/wp-json\/wp\/v2\/media\/24803"}],"wp:attachment":[{"href":"https:\/\/infozamoraec.com\/index.php\/wp-json\/wp\/v2\/media?parent=24802"}],"wp:term":[{"taxonomy":"category","embeddable":true,"href":"https:\/\/infozamoraec.com\/index.php\/wp-json\/wp\/v2\/categories?post=24802"},{"taxonomy":"post_tag","embeddable":true,"href":"https:\/\/infozamoraec.com\/index.php\/wp-json\/wp\/v2\/tags?post=24802"}],"curies":[{"name":"wp","href":"https:\/\/api.w.org\/{rel}","templated":true}]}}