{"id":24783,"date":"2026-09-02T22:12:42","date_gmt":"2026-09-02T22:12:42","guid":{"rendered":"https:\/\/infozamoraec.com\/?p=24783"},"modified":"2026-09-02T22:12:42","modified_gmt":"2026-09-02T22:12:42","slug":"nicaragua-aprueba-reforma-y-excluye-a-opositores-de-comicios","status":"publish","type":"post","link":"https:\/\/infozamoraec.com\/index.php\/2026\/09\/02\/nicaragua-aprueba-reforma-y-excluye-a-opositores-de-comicios\/","title":{"rendered":"Nicaragua aprueba reforma y excluye a opositores de comicios"},"content":{"rendered":"<p>El Congreso de Nicaragua, bajo control total del oficialismo, aprob\u00f3 este martes (01.09.2026) una reforma constitucional que proh\u00edbe a los partidos de oposici\u00f3n participar en las elecciones y extiende el mandato presidencial de seis a siete a\u00f1os, una iniciativa que ya hab\u00eda suscitado cr\u00edticas por parte de Estados Unidos y otros pa\u00edses de la regi\u00f3n.<\/p>\n<p>La reforma, respaldada por los copresidentes Daniel Ortega y su esposa, Rosario Murillo, super\u00f3 su primera votaci\u00f3n en la Asamblea Nacional.<\/p>\n<p>Murillo anunci\u00f3 el lunes que la enmienda ser\u00e1 ratificada en una segunda votaci\u00f3n a partir del 18 de enero, ya que la ley nicarag\u00fcense exige que los cambios constitucionales sean aprobados en dos sesiones legislativas distintas antes de entrar en vigor.<\/p>\n<p>La reforma tambi\u00e9n extiende los mandatos de los copresidentes y de otros funcionarios electos, as\u00ed como de los jefes del ej\u00e9rcito y la polic\u00eda, de seis a siete a\u00f1os.<\/p>\n<p>Sesi\u00f3n especial fuera de la capital<br \/>\n\u00abAprobadas de forma un\u00e1nime\u00bb, dijo el presidente del \u00f3rgano parlamentario, Gustavo Porras, tras la votaci\u00f3n general del articulado en una sesi\u00f3n especial celebrada frente a la catedral de Le\u00f3n, 90 km al noroeste de Managua, la capital del pa\u00eds.<\/p>\n<p>Ortega, de 80 a\u00f1os, y Murillo, de 75, gobiernan con poder absoluto y un fuerte control sobre la sociedad, especialmente tras las protestas de 2018 cuya represi\u00f3n dej\u00f3 m\u00e1s de 300 muertos, seg\u00fan la ONU.<\/p>\n<p>La pareja presidencial, en el poder desde hace casi dos d\u00e9cadas, considera que esas manifestaciones fueron un \u00abintento de golpe de Estado\u00bb patrocinado por Estados Unidos, que tilda al gobierno de \u00abdictadura\u00bb.<\/p>\n<p>Luego de esas movilizaciones, miles de nicarag\u00fcenses se exiliaron, entre ellos dirigentes opositores, intelectuales y religiosos que fueron despojados de su nacionalidad acusados de \u00abtraici\u00f3n a la patria\u00bb.<\/p>\n<p>Debido a ello, la oposici\u00f3n es pr\u00e1cticamente nula en el pa\u00eds.<\/p>\n<p>Sus dirigentes en el exilio advierten que la exclusi\u00f3n de los comicios busca garantizar la sucesi\u00f3n del poder en la familia Ortega-Murillo, pues el mandatario padece lupus y problemas renales.<\/p>\n","protected":false},"excerpt":{"rendered":"<p>El Congreso de Nicaragua, bajo control total del oficialismo, aprob\u00f3 este martes (01.09.2026) una reforma constitucional que proh\u00edbe a los partidos de oposici\u00f3n participar en las elecciones y extiende el mandato presidencial de seis a siete a\u00f1os, una iniciativa que ya hab\u00eda suscitado cr\u00edticas por parte de Estados Unidos y otros pa\u00edses de la regi\u00f3n. [&hellip;]<\/p>\n","protected":false},"author":1,"featured_media":24784,"comment_status":"open","ping_status":"open","sticky":false,"template":"","format":"standard","meta":{"footnotes":""},"categories":[8],"tags":[],"_links":{"self":[{"href":"https:\/\/infozamoraec.com\/index.php\/wp-json\/wp\/v2\/posts\/24783"}],"collection":[{"href":"https:\/\/infozamoraec.com\/index.php\/wp-json\/wp\/v2\/posts"}],"about":[{"href":"https:\/\/infozamoraec.com\/index.php\/wp-json\/wp\/v2\/types\/post"}],"author":[{"embeddable":true,"href":"https:\/\/infozamoraec.com\/index.php\/wp-json\/wp\/v2\/users\/1"}],"replies":[{"embeddable":true,"href":"https:\/\/infozamoraec.com\/index.php\/wp-json\/wp\/v2\/comments?post=24783"}],"version-history":[{"count":1,"href":"https:\/\/infozamoraec.com\/index.php\/wp-json\/wp\/v2\/posts\/24783\/revisions"}],"predecessor-version":[{"id":24785,"href":"https:\/\/infozamoraec.com\/index.php\/wp-json\/wp\/v2\/posts\/24783\/revisions\/24785"}],"wp:featuredmedia":[{"embeddable":true,"href":"https:\/\/infozamoraec.com\/index.php\/wp-json\/wp\/v2\/media\/24784"}],"wp:attachment":[{"href":"https:\/\/infozamoraec.com\/index.php\/wp-json\/wp\/v2\/media?parent=24783"}],"wp:term":[{"taxonomy":"category","embeddable":true,"href":"https:\/\/infozamoraec.com\/index.php\/wp-json\/wp\/v2\/categories?post=24783"},{"taxonomy":"post_tag","embeddable":true,"href":"https:\/\/infozamoraec.com\/index.php\/wp-json\/wp\/v2\/tags?post=24783"}],"curies":[{"name":"wp","href":"https:\/\/api.w.org\/{rel}","templated":true}]}}