{"id":24777,"date":"2026-09-02T22:08:07","date_gmt":"2026-09-02T22:08:07","guid":{"rendered":"https:\/\/infozamoraec.com\/?p=24777"},"modified":"2026-09-02T22:08:07","modified_gmt":"2026-09-02T22:08:07","slug":"rodriguez-habra-eleccion-cuando-venezuela-este-preparada","status":"publish","type":"post","link":"https:\/\/infozamoraec.com\/index.php\/2026\/09\/02\/rodriguez-habra-eleccion-cuando-venezuela-este-preparada\/","title":{"rendered":"Rodr\u00edguez: habr\u00e1 elecci\u00f3n cuando \u00abVenezuela est\u00e9 preparada\u00bb"},"content":{"rendered":"<p>La encargada del r\u00e9gimen chavista Delcy Rodr\u00edguez asegur\u00f3 este mi\u00e9rcoles (02.09.2026) que habr\u00e1 elecciones cuando \u00abVenezuela est\u00e9 preparada\u00bb, en momentos en un sector de la oposici\u00f3n participa en negociaciones auspiciadas por Washington, con miras a una transici\u00f3n democr\u00e1tica.<\/p>\n<p>Este di\u00e1logo, que empez\u00f3 en agosto y tendr\u00e1 una nueva ronda dentro de 10 d\u00edas, ocurre siete meses despu\u00e9s de la captura de Nicol\u00e1s Maduro por el ej\u00e9rcito estadounidense.<\/p>\n<p>\u00abNo tengas duda de eso, habr\u00e1 proceso electoral, pero en las condiciones en que Venezuela est\u00e9 preparada\u00bb, respondi\u00f3 Rodr\u00edguez a un periodista al lado del secretario de Energ\u00eda de Estados Unidos, Chris Wright.<\/p>\n<p>\u00abEn Venezuela hay una Constituci\u00f3n y un sistema electoral y democr\u00e1tico previsto\u00bb que establece el calendario electoral, apunt\u00f3. \u00abYo no fijo fecha\u00bb de los comicios, acot\u00f3 Rodr\u00edguez, que desde que asumi\u00f3 el poder gobierna bajo fuerte presi\u00f3n de Washington.<\/p>\n<p>Trump tambi\u00e9n asegura que Venezuela no est\u00e1 lista para celebrar elecciones<br \/>\nPor su parte, el presidente estadounidense Donald Trump reiter\u00f3 que Rodr\u00edguez \u00abest\u00e1 haciendo un muy, muy buen trabajo\u00bb, pero que no es oportuno que haya elecciones en el pa\u00eds.<\/p>\n<p>\u00abSimplemente no creo que est\u00e9n listos todav\u00eda. Sabes, es algo muy nuevo. Los sacamos de una dictadura y nos estamos llevando muy bien con el gobierno\u00bb, sostuvo.<\/p>\n<p>Ante la ausencia del presidente, la Constituci\u00f3n venezolana contempla que el vicepresidente tome las riendas por un lapso m\u00e1ximo de 180 d\u00edas, per\u00edodo que ya venci\u00f3.<\/p>\n<p>Por ello, distintos sectores de la sociedad venezolana reclaman un llamado a elecciones, y muchos esperan el regreso de la l\u00edder opositora y premio nobel de la paz Mar\u00eda Corina Machado, quien est\u00e1 exiliada en Panam\u00e1 y ha dicho que regresar\u00e1 a Venezuela.<\/p>\n<p>rr afp\/ap\/efe<\/p>\n","protected":false},"excerpt":{"rendered":"<p>La encargada del r\u00e9gimen chavista Delcy Rodr\u00edguez asegur\u00f3 este mi\u00e9rcoles (02.09.2026) que habr\u00e1 elecciones cuando \u00abVenezuela est\u00e9 preparada\u00bb, en momentos en un sector de la oposici\u00f3n participa en negociaciones auspiciadas por Washington, con miras a una transici\u00f3n democr\u00e1tica. Este di\u00e1logo, que empez\u00f3 en agosto y tendr\u00e1 una nueva ronda dentro de 10 d\u00edas, ocurre siete [&hellip;]<\/p>\n","protected":false},"author":1,"featured_media":24778,"comment_status":"open","ping_status":"open","sticky":false,"template":"","format":"standard","meta":{"footnotes":""},"categories":[12],"tags":[],"_links":{"self":[{"href":"https:\/\/infozamoraec.com\/index.php\/wp-json\/wp\/v2\/posts\/24777"}],"collection":[{"href":"https:\/\/infozamoraec.com\/index.php\/wp-json\/wp\/v2\/posts"}],"about":[{"href":"https:\/\/infozamoraec.com\/index.php\/wp-json\/wp\/v2\/types\/post"}],"author":[{"embeddable":true,"href":"https:\/\/infozamoraec.com\/index.php\/wp-json\/wp\/v2\/users\/1"}],"replies":[{"embeddable":true,"href":"https:\/\/infozamoraec.com\/index.php\/wp-json\/wp\/v2\/comments?post=24777"}],"version-history":[{"count":1,"href":"https:\/\/infozamoraec.com\/index.php\/wp-json\/wp\/v2\/posts\/24777\/revisions"}],"predecessor-version":[{"id":24779,"href":"https:\/\/infozamoraec.com\/index.php\/wp-json\/wp\/v2\/posts\/24777\/revisions\/24779"}],"wp:featuredmedia":[{"embeddable":true,"href":"https:\/\/infozamoraec.com\/index.php\/wp-json\/wp\/v2\/media\/24778"}],"wp:attachment":[{"href":"https:\/\/infozamoraec.com\/index.php\/wp-json\/wp\/v2\/media?parent=24777"}],"wp:term":[{"taxonomy":"category","embeddable":true,"href":"https:\/\/infozamoraec.com\/index.php\/wp-json\/wp\/v2\/categories?post=24777"},{"taxonomy":"post_tag","embeddable":true,"href":"https:\/\/infozamoraec.com\/index.php\/wp-json\/wp\/v2\/tags?post=24777"}],"curies":[{"name":"wp","href":"https:\/\/api.w.org\/{rel}","templated":true}]}}