{"id":24774,"date":"2026-09-02T22:06:30","date_gmt":"2026-09-02T22:06:30","guid":{"rendered":"https:\/\/infozamoraec.com\/?p=24774"},"modified":"2026-09-02T22:06:30","modified_gmt":"2026-09-02T22:06:30","slug":"funeral-de-michele-sensi-contugi-y-stephany-hollihan-sera-este-jueves","status":"publish","type":"post","link":"https:\/\/infozamoraec.com\/index.php\/2026\/09\/02\/funeral-de-michele-sensi-contugi-y-stephany-hollihan-sera-este-jueves\/","title":{"rendered":"Funeral de Michele Sensi-Contugi y Stephany Hollihan ser\u00e1 este jueves"},"content":{"rendered":"<p>Los restos del exdirector del Centro Nacional de Inteligencia (CNI), Michele Sensi-Contugi, y su esposa, Stephany Hollihan, llegan a Ecuador este mi\u00e9rcoles para su sepultura.<\/p>\n<p>Por pedido expreso de sus familiares, los actos de velaci\u00f3n y la despedida final, que tendr\u00e1n lugar este jueves 3 de septiembre, se llevar\u00e1n a cabo de manera estrictamente privada.<\/p>\n<p>Las honras f\u00fanebres contar\u00e1n con los m\u00e1s altos reconocimientos gubernamentales, ya que el presidente Daniel Noboa dispuso la organizaci\u00f3n de un funeral de Estado. Se orden\u00f3 a la Canciller\u00eda, al Ministerio de Defensa Nacional y al Ministerio del Interior que coordinen este acto oficial con los familiares del exfuncionario, en cumplimiento del Reglamento de Ceremonial P\u00fablico.<\/p>\n<p>La pareja falleci\u00f3 en la ma\u00f1ana del mi\u00e9rcoles 19 de agosto a unos 250 kil\u00f3metros de Nairobi, Kenia. En el siniestro a\u00e9reo perdieron la vida Sensi Contugi, su esposa y otras cinco personas, luego de que el helic\u00f3ptero en el que viajaban durante sus vacaciones se precipitara a tierra.<\/p>\n<p>Sensi-Contugi pertenec\u00eda al c\u00edrculo de mayor confianza del presidente de la Rep\u00fablica. Dio el salto del sector privado al \u00e1mbito p\u00fablico en enero de 2024, asumiendo la direcci\u00f3n del entonces CIES, actual Centro Nacional de Inteligencia. Durante su trayectoria en la administraci\u00f3n, fungi\u00f3 como delegado del primer mandatario en empresas p\u00fablicas como Petroecuador, Celec y Flopec.<\/p>\n<p>Asimismo, sirvi\u00f3 al Estado ecuatoriano asumiendo durante un corto periodo la titularidad del Ministerio de Gobierno, gesti\u00f3n por la cual el Ejecutivo expres\u00f3 su profunda gratitud, reconociendo su vocaci\u00f3n de servicio y lealtad.<\/p>\n","protected":false},"excerpt":{"rendered":"<p>Los restos del exdirector del Centro Nacional de Inteligencia (CNI), Michele Sensi-Contugi, y su esposa, Stephany Hollihan, llegan a Ecuador este mi\u00e9rcoles para su sepultura. Por pedido expreso de sus familiares, los actos de velaci\u00f3n y la despedida final, que tendr\u00e1n lugar este jueves 3 de septiembre, se llevar\u00e1n a cabo de manera estrictamente privada. [&hellip;]<\/p>\n","protected":false},"author":1,"featured_media":24775,"comment_status":"open","ping_status":"open","sticky":false,"template":"","format":"standard","meta":{"footnotes":""},"categories":[12],"tags":[],"_links":{"self":[{"href":"https:\/\/infozamoraec.com\/index.php\/wp-json\/wp\/v2\/posts\/24774"}],"collection":[{"href":"https:\/\/infozamoraec.com\/index.php\/wp-json\/wp\/v2\/posts"}],"about":[{"href":"https:\/\/infozamoraec.com\/index.php\/wp-json\/wp\/v2\/types\/post"}],"author":[{"embeddable":true,"href":"https:\/\/infozamoraec.com\/index.php\/wp-json\/wp\/v2\/users\/1"}],"replies":[{"embeddable":true,"href":"https:\/\/infozamoraec.com\/index.php\/wp-json\/wp\/v2\/comments?post=24774"}],"version-history":[{"count":1,"href":"https:\/\/infozamoraec.com\/index.php\/wp-json\/wp\/v2\/posts\/24774\/revisions"}],"predecessor-version":[{"id":24776,"href":"https:\/\/infozamoraec.com\/index.php\/wp-json\/wp\/v2\/posts\/24774\/revisions\/24776"}],"wp:featuredmedia":[{"embeddable":true,"href":"https:\/\/infozamoraec.com\/index.php\/wp-json\/wp\/v2\/media\/24775"}],"wp:attachment":[{"href":"https:\/\/infozamoraec.com\/index.php\/wp-json\/wp\/v2\/media?parent=24774"}],"wp:term":[{"taxonomy":"category","embeddable":true,"href":"https:\/\/infozamoraec.com\/index.php\/wp-json\/wp\/v2\/categories?post=24774"},{"taxonomy":"post_tag","embeddable":true,"href":"https:\/\/infozamoraec.com\/index.php\/wp-json\/wp\/v2\/tags?post=24774"}],"curies":[{"name":"wp","href":"https:\/\/api.w.org\/{rel}","templated":true}]}}