{"id":24771,"date":"2026-09-02T22:02:02","date_gmt":"2026-09-02T22:02:02","guid":{"rendered":"https:\/\/infozamoraec.com\/?p=24771"},"modified":"2026-09-02T22:02:02","modified_gmt":"2026-09-02T22:02:02","slug":"gisella-bayona-deja-el-periodismo-senor-presidente-usted-gano","status":"publish","type":"post","link":"https:\/\/infozamoraec.com\/index.php\/2026\/09\/02\/gisella-bayona-deja-el-periodismo-senor-presidente-usted-gano\/","title":{"rendered":"Gisella Bayona deja el periodismo: \u00abSe\u00f1or presidente, usted gan\u00f3\u00bb"},"content":{"rendered":"<p>Gisella Bayona renunci\u00f3 de forma p\u00fablica a su ejercicio period\u00edstico este 2 de septiembre de 2026, como respuesta directa a los se\u00f1alamientos replicados por plataformas digitales afines al oficialismo, y tras una insinuaci\u00f3n del presidente Daniel Noboa.<\/p>\n<p>La comunicadora tom\u00f3 esta decisi\u00f3n para proteger a su n\u00facleo familiar, alega, tras la viralizaci\u00f3n de documentos forjados que intentaron posicionar a su esposo como testaferro y parte de una red de corrupci\u00f3n estatal.<\/p>\n<p>El origen de los se\u00f1alamientos<br \/>\nEl 28 de agosto pasado, durante una entrevista radial, el primer mandatario asegur\u00f3 que una comunicadora figuraba como proveedora del sector salud y que su pareja manten\u00eda v\u00ednculos de 15 a\u00f1os con mafias el\u00e9ctricas. Horas despu\u00e9s de esta intervenci\u00f3n, diversas cuentas alineadas al r\u00e9gimen iniciaron una campa\u00f1a coordinada nombrando directamente a Bayona y a su esposo, Jos\u00e9 Roberto Alvear.<\/p>\n<p>Para sostener las acusaciones gubernamentales, se difundieron capturas de supuestas noticias del delito ingresadas en la Fiscal\u00eda General del Estado. Sin embargo, Bayona defendi\u00f3 que los expedientes p\u00fablicos demuestran que las im\u00e1genes fueron alteradas para convertir a Alvear de denunciante a sospechoso en un caso de falsificaci\u00f3n inform\u00e1tica.<\/p>\n<p>A trav\u00e9s de una declaraci\u00f3n en video difundida en sus canales oficiales, Bayona rechaz\u00f3 categ\u00f3ricamente mantener negocios con el sistema de salud p\u00fablica y aclar\u00f3 que sus cuestionamientos period\u00edsticos siempre respondieron a la crisis de desabastecimiento de medicinas en los hospitales estatales.<\/p>\n<p>\u00abSe\u00f1or presidente, usted gan\u00f3. Usted tiene el poder y los medios para implantar cualquier narrativa. Hoy elijo a mi familia\u00bb, expres\u00f3 la periodista. La comunicadora enfatiz\u00f3 que los procesos judiciales aludidos por el Gobierno ya concluyeron a favor de su esposo, quien actu\u00f3 legalmente como v\u00edctima y denunciante de su ex socio.<\/p>\n<p>La salida de la comunicadora ocurre en un escenario de confrontaci\u00f3n directa entre el Ejecutivo y las voces cr\u00edticas a su gesti\u00f3n sanitaria. Bayona cerr\u00f3 su intervenci\u00f3n cuestionando la inversi\u00f3n de recursos estatales en campa\u00f1as de desprestigio en lugar de abastecer la red de salud p\u00fablica y combatir las estructuras de extorsi\u00f3n que operan en el pa\u00eds.<\/p>\n","protected":false},"excerpt":{"rendered":"<p>Gisella Bayona renunci\u00f3 de forma p\u00fablica a su ejercicio period\u00edstico este 2 de septiembre de 2026, como respuesta directa a los se\u00f1alamientos replicados por plataformas digitales afines al oficialismo, y tras una insinuaci\u00f3n del presidente Daniel Noboa. La comunicadora tom\u00f3 esta decisi\u00f3n para proteger a su n\u00facleo familiar, alega, tras la viralizaci\u00f3n de documentos forjados [&hellip;]<\/p>\n","protected":false},"author":1,"featured_media":24772,"comment_status":"open","ping_status":"open","sticky":false,"template":"","format":"standard","meta":{"footnotes":""},"categories":[12],"tags":[],"_links":{"self":[{"href":"https:\/\/infozamoraec.com\/index.php\/wp-json\/wp\/v2\/posts\/24771"}],"collection":[{"href":"https:\/\/infozamoraec.com\/index.php\/wp-json\/wp\/v2\/posts"}],"about":[{"href":"https:\/\/infozamoraec.com\/index.php\/wp-json\/wp\/v2\/types\/post"}],"author":[{"embeddable":true,"href":"https:\/\/infozamoraec.com\/index.php\/wp-json\/wp\/v2\/users\/1"}],"replies":[{"embeddable":true,"href":"https:\/\/infozamoraec.com\/index.php\/wp-json\/wp\/v2\/comments?post=24771"}],"version-history":[{"count":1,"href":"https:\/\/infozamoraec.com\/index.php\/wp-json\/wp\/v2\/posts\/24771\/revisions"}],"predecessor-version":[{"id":24773,"href":"https:\/\/infozamoraec.com\/index.php\/wp-json\/wp\/v2\/posts\/24771\/revisions\/24773"}],"wp:featuredmedia":[{"embeddable":true,"href":"https:\/\/infozamoraec.com\/index.php\/wp-json\/wp\/v2\/media\/24772"}],"wp:attachment":[{"href":"https:\/\/infozamoraec.com\/index.php\/wp-json\/wp\/v2\/media?parent=24771"}],"wp:term":[{"taxonomy":"category","embeddable":true,"href":"https:\/\/infozamoraec.com\/index.php\/wp-json\/wp\/v2\/categories?post=24771"},{"taxonomy":"post_tag","embeddable":true,"href":"https:\/\/infozamoraec.com\/index.php\/wp-json\/wp\/v2\/tags?post=24771"}],"curies":[{"name":"wp","href":"https:\/\/api.w.org\/{rel}","templated":true}]}}