{"id":24768,"date":"2026-09-02T21:59:50","date_gmt":"2026-09-02T21:59:50","guid":{"rendered":"https:\/\/infozamoraec.com\/?p=24768"},"modified":"2026-09-02T21:59:50","modified_gmt":"2026-09-02T21:59:50","slug":"aldrin-gomez-es-el-nuevo-secretario-juridico-de-la-presidencia-de-la-republica","status":"publish","type":"post","link":"https:\/\/infozamoraec.com\/index.php\/2026\/09\/02\/aldrin-gomez-es-el-nuevo-secretario-juridico-de-la-presidencia-de-la-republica\/","title":{"rendered":"Aldrin G\u00f3mez es el nuevo Secretario Jur\u00eddico de la Presidencia de la Rep\u00fablica"},"content":{"rendered":"<p>Aldrin G\u00f3mez Valdiviezo, abogado constitucionalista ecuatoriano, es desde el 2 de septiembre de 2026 el secretario jur\u00eddico de la Presidencia de la Rep\u00fablica, en el gobierno de Daniel Noboa. Reemplaz\u00f3 a Enrique Herrer\u00eda Bonnet, cuya renuncia voluntaria fue aceptada ese mismo d\u00eda. La Presidencia lo present\u00f3 como parte del equipo t\u00e9cnico ya conformado en esa secretar\u00eda y como especialista en derecho constitucional, tributario, econ\u00f3mico y financiero.<\/p>\n<p>Antes de la titularidad fue subsecretario general jur\u00eddico. El 15 de diciembre de 2025 anunci\u00f3 en Instagram (afgomezvaldiviezo) que asum\u00eda ese cargo \u201ccon humildad, entusiasmo y ganas de trabajar\u201d. En X usa @Afgomezv, cuenta abierta en enero de 2026. No se hall\u00f3 un perfil p\u00fablico de LinkedIn a su nombre.<\/p>\n<p>Hasta 2025 era sobre todo analista y litigante. Apareci\u00f3 con frecuencia en Teleamazonas, Radio Sucesos, Radio Centro y UCSG Noticias. En 2023 se lo present\u00f3 como especialista en derecho tributario, econ\u00f3mico y financiero, con maestr\u00eda en pol\u00edticas p\u00fablicas. Opin\u00f3 sobre la consulta popular y el refer\u00e9ndum, una eventual asamblea constituyente, el CPCCS, el juicio pol\u00edtico a jueces \u2014advirti\u00f3 el riesgo de usarlo como retaliaci\u00f3n\u2014 y leyes de seguridad. Sobre la Ley de Inteligencia dijo que pod\u00eda prestarse a arbitrariedades y transferir competencias de Polic\u00eda y Fuerzas Armadas. Sobre la Ley para desarticular econom\u00edas criminales se\u00f1al\u00f3 que creaba figuras paralelas al COIP, entre ellas el indulto preventivo.<\/p>\n<p>En agosto de 2025 fue abogado del alcalde de Quito, Pabel Mu\u00f1oz, en una acci\u00f3n extraordinaria de protecci\u00f3n ante la Corte Constitucional contra el proceso de revocatoria. Aleg\u00f3 falta de notificaci\u00f3n y violaciones al debido proceso, a la motivaci\u00f3n y a la tutela judicial efectiva.<\/p>\n<p>Ya en Carondelet, en enero de 2026 defendi\u00f3 junto a Herrer\u00eda proyectos sobre electricidad, miner\u00eda y GAD, y sostuvo que no deb\u00edan enfrentar obst\u00e1culos en la Corte Constitucional. En agosto de 2026 particip\u00f3, con el presidente y ministras del ramo, en la entrega del Premio Nacional Eugenio Espejo.<\/p>\n<p>La Secretar\u00eda Jur\u00eddica revisa y coordina decretos y proyectos normativos del Ejecutivo. El relevo se produjo, seg\u00fan el Gobierno, despu\u00e9s de conformar un equipo para acelerar la modernizaci\u00f3n del Estado. Herrer\u00eda, exjuez constitucional y titular desde noviembre de 2025, volvi\u00f3 al sector privado. G\u00f3mez es el cuarto secretario jur\u00eddico del periodo Noboa, tras Mishel Mancheno, Stalin Andino y Herrer\u00eda.<\/p>\n<p>No hay en medios abiertos edad, ciudad de origen ni universidad de su t\u00edtulo de abogado. Lo documentado es su especialidad, su paso de comentarista a subsecretario y, el 2 de septiembre de 2026, a secretario jur\u00eddico.<\/p>\n","protected":false},"excerpt":{"rendered":"<p>Aldrin G\u00f3mez Valdiviezo, abogado constitucionalista ecuatoriano, es desde el 2 de septiembre de 2026 el secretario jur\u00eddico de la Presidencia de la Rep\u00fablica, en el gobierno de Daniel Noboa. Reemplaz\u00f3 a Enrique Herrer\u00eda Bonnet, cuya renuncia voluntaria fue aceptada ese mismo d\u00eda. La Presidencia lo present\u00f3 como parte del equipo t\u00e9cnico ya conformado en esa [&hellip;]<\/p>\n","protected":false},"author":1,"featured_media":24769,"comment_status":"open","ping_status":"open","sticky":false,"template":"","format":"standard","meta":{"footnotes":""},"categories":[12],"tags":[],"_links":{"self":[{"href":"https:\/\/infozamoraec.com\/index.php\/wp-json\/wp\/v2\/posts\/24768"}],"collection":[{"href":"https:\/\/infozamoraec.com\/index.php\/wp-json\/wp\/v2\/posts"}],"about":[{"href":"https:\/\/infozamoraec.com\/index.php\/wp-json\/wp\/v2\/types\/post"}],"author":[{"embeddable":true,"href":"https:\/\/infozamoraec.com\/index.php\/wp-json\/wp\/v2\/users\/1"}],"replies":[{"embeddable":true,"href":"https:\/\/infozamoraec.com\/index.php\/wp-json\/wp\/v2\/comments?post=24768"}],"version-history":[{"count":1,"href":"https:\/\/infozamoraec.com\/index.php\/wp-json\/wp\/v2\/posts\/24768\/revisions"}],"predecessor-version":[{"id":24770,"href":"https:\/\/infozamoraec.com\/index.php\/wp-json\/wp\/v2\/posts\/24768\/revisions\/24770"}],"wp:featuredmedia":[{"embeddable":true,"href":"https:\/\/infozamoraec.com\/index.php\/wp-json\/wp\/v2\/media\/24769"}],"wp:attachment":[{"href":"https:\/\/infozamoraec.com\/index.php\/wp-json\/wp\/v2\/media?parent=24768"}],"wp:term":[{"taxonomy":"category","embeddable":true,"href":"https:\/\/infozamoraec.com\/index.php\/wp-json\/wp\/v2\/categories?post=24768"},{"taxonomy":"post_tag","embeddable":true,"href":"https:\/\/infozamoraec.com\/index.php\/wp-json\/wp\/v2\/tags?post=24768"}],"curies":[{"name":"wp","href":"https:\/\/api.w.org\/{rel}","templated":true}]}}