{"id":24765,"date":"2026-09-02T21:57:50","date_gmt":"2026-09-02T21:57:50","guid":{"rendered":"https:\/\/infozamoraec.com\/?p=24765"},"modified":"2026-09-02T21:57:50","modified_gmt":"2026-09-02T21:57:50","slug":"cne-dice-que-habra-conteo-rapido-en-la-eleccion-de-alcaldes-y-prefectos","status":"publish","type":"post","link":"https:\/\/infozamoraec.com\/index.php\/2026\/09\/02\/cne-dice-que-habra-conteo-rapido-en-la-eleccion-de-alcaldes-y-prefectos\/","title":{"rendered":"CNE dice que habr\u00e1 conteo r\u00e1pido en la elecci\u00f3n de alcaldes y prefectos"},"content":{"rendered":"<p>El Consejo Nacional Electoral (CNE) oficializ\u00f3 la implementaci\u00f3n de un mecanismo de conteo r\u00e1pido para proyectar de forma preliminar los votos de los futuros alcaldes y prefectos del pa\u00eds. La decisi\u00f3n, ratificada por las autoridades del \u00f3rgano del sufragio, busca agilizar la entrega de tendencias electorales a la ciudadan\u00eda a pocos minutos del cierre de las urnas.<\/p>\n<p>Pese a asegurar que la medida se encuentra en firme dentro de la planificaci\u00f3n, el presidente del CNE, Jos\u00e9 Cabrera, aclar\u00f3 que el pleno de la instituci\u00f3n deber\u00e1 reunirse en los pr\u00f3ximos d\u00edas para delimitar los aspectos t\u00e9cnicos. La principal tarea pendiente es definir la n\u00f3mina exacta de provincias y cantones en los que se aplicar\u00e1 el muestreo. Aunque el funcionario no descart\u00f3 la viabilidad de extender el conteo r\u00e1pido a escala nacional, la delimitaci\u00f3n geogr\u00e1fica final quedar\u00e1 supeditada a las resoluciones del pleno.<\/p>\n<p>\u00abNo es ning\u00fan riesgo; tenemos profesionales con la capacidad y la experiencia t\u00e9cnica adquirida en procesos anteriores\u00bb, manifest\u00f3 Cabrera al defender la confiabilidad del sistema estad\u00edstico. El pronunciamiento contrasta con posturas institucionales previas en las que el organismo se mostr\u00f3 reacio a su utilizaci\u00f3n bajo argumentos log\u00edsticos.<\/p>\n<p>Estas elecciones seccionales, originalmente programadas para el inicio de 2027, fueron anticipadas para el 29 de noviembre debido a los informes de prevenci\u00f3n clim\u00e1tica relacionados con el fen\u00f3meno de El Ni\u00f1o. Bajo este nuevo cronograma t\u00e9cnico expuesto por la presidencia del CNE:<\/p>\n<p>Se concentrar\u00e1 entre el 12 y el 26 de noviembre.<\/p>\n<p>El procesamiento total de actas oficiales se extender\u00e1 hasta el 3 de febrero de 2027.<br \/>\nProclamaci\u00f3n final de resultados: Se proyecta para el 13 de febrero de 2027.<br \/>\nPosesi\u00f3n de autoridades: Las autoridades electas asumir\u00e1n sus cargos el 14 de mayo de 2027, respetando los plazos de la norma constitucional.<br \/>\nLa paridad del conteo r\u00e1pido servir\u00e1 como un term\u00f3metro inicial en una jornada donde m\u00e1s de 13,8 millones de ecuatorianos est\u00e1n convocados a elegir a 5.742 autoridades locales, en paralelo a la selecci\u00f3n de los vocales del Consejo de Participaci\u00f3n Ciudadana y Control Social (CPCCS). (I)<\/p>\n","protected":false},"excerpt":{"rendered":"<p>El Consejo Nacional Electoral (CNE) oficializ\u00f3 la implementaci\u00f3n de un mecanismo de conteo r\u00e1pido para proyectar de forma preliminar los votos de los futuros alcaldes y prefectos del pa\u00eds. La decisi\u00f3n, ratificada por las autoridades del \u00f3rgano del sufragio, busca agilizar la entrega de tendencias electorales a la ciudadan\u00eda a pocos minutos del cierre de [&hellip;]<\/p>\n","protected":false},"author":1,"featured_media":24766,"comment_status":"open","ping_status":"open","sticky":false,"template":"","format":"standard","meta":{"footnotes":""},"categories":[12],"tags":[],"_links":{"self":[{"href":"https:\/\/infozamoraec.com\/index.php\/wp-json\/wp\/v2\/posts\/24765"}],"collection":[{"href":"https:\/\/infozamoraec.com\/index.php\/wp-json\/wp\/v2\/posts"}],"about":[{"href":"https:\/\/infozamoraec.com\/index.php\/wp-json\/wp\/v2\/types\/post"}],"author":[{"embeddable":true,"href":"https:\/\/infozamoraec.com\/index.php\/wp-json\/wp\/v2\/users\/1"}],"replies":[{"embeddable":true,"href":"https:\/\/infozamoraec.com\/index.php\/wp-json\/wp\/v2\/comments?post=24765"}],"version-history":[{"count":1,"href":"https:\/\/infozamoraec.com\/index.php\/wp-json\/wp\/v2\/posts\/24765\/revisions"}],"predecessor-version":[{"id":24767,"href":"https:\/\/infozamoraec.com\/index.php\/wp-json\/wp\/v2\/posts\/24765\/revisions\/24767"}],"wp:featuredmedia":[{"embeddable":true,"href":"https:\/\/infozamoraec.com\/index.php\/wp-json\/wp\/v2\/media\/24766"}],"wp:attachment":[{"href":"https:\/\/infozamoraec.com\/index.php\/wp-json\/wp\/v2\/media?parent=24765"}],"wp:term":[{"taxonomy":"category","embeddable":true,"href":"https:\/\/infozamoraec.com\/index.php\/wp-json\/wp\/v2\/categories?post=24765"},{"taxonomy":"post_tag","embeddable":true,"href":"https:\/\/infozamoraec.com\/index.php\/wp-json\/wp\/v2\/tags?post=24765"}],"curies":[{"name":"wp","href":"https:\/\/api.w.org\/{rel}","templated":true}]}}