{"id":24758,"date":"2026-09-02T21:32:09","date_gmt":"2026-09-02T21:32:09","guid":{"rendered":"https:\/\/infozamoraec.com\/?p=24758"},"modified":"2026-09-02T21:40:20","modified_gmt":"2026-09-02T21:40:20","slug":"favio-villamizar-oficializo-el-inicio-de-clases-en-las-unidades-educativas-arutam-y-primero-de-mayo","status":"publish","type":"post","link":"https:\/\/infozamoraec.com\/index.php\/2026\/09\/02\/favio-villamizar-oficializo-el-inicio-de-clases-en-las-unidades-educativas-arutam-y-primero-de-mayo\/","title":{"rendered":"Favio Villamizar oficializ\u00f3 el inicio de clases en las unidades educativas Arutam y Primero de Mayo"},"content":{"rendered":"<p class=\"isSelectedEnd\">El coordinador Zonal de Educaci\u00f3n de la Zona 7, <strong>Favio Villamizar<\/strong>, particip\u00f3 en los actos de inauguraci\u00f3n del a\u00f1o lectivo <strong>2026-2027<\/strong> en las unidades educativas <strong>Arutam<\/strong>, del cant\u00f3n El Pangui, y <strong>Primero de Mayo<\/strong>, del cant\u00f3n Yantzaza, con lo que se oficializ\u00f3 el inicio de las actividades acad\u00e9micas del r\u00e9gimen Sierra-Amazon\u00eda en estas instituciones.<\/p>\n<p class=\"isSelectedEnd\">En la <strong>Unidad Educativa Arutam<\/strong>, el acto inaugural se desarroll\u00f3 mediante un programa sociocultural que reuni\u00f3 a autoridades, docentes, estudiantes y padres de familia. La instituci\u00f3n recibe aproximadamente a <strong>1.439 estudiantes<\/strong>, desde Educaci\u00f3n Inicial hasta Bachillerato, quienes retornaron a las aulas para el nuevo per\u00edodo acad\u00e9mico.<\/p>\n<p class=\"isSelectedEnd\">Mientras tanto, en el cant\u00f3n <strong>Yantzaza<\/strong>, la Unidad Educativa <strong>Primero de Mayo<\/strong> inici\u00f3 el a\u00f1o lectivo este <strong>2 de septiembre<\/strong>, con el retorno de <strong>1.260 estudiantes<\/strong> a sus actividades acad\u00e9micas.<\/p>\n<p class=\"isSelectedEnd\">Durante las jornadas de inauguraci\u00f3n, Villamizar acompa\u00f1\u00f3 a las comunidades educativas y destac\u00f3 el inicio de un nuevo per\u00edodo de formaci\u00f3n para los estudiantes de la provincia.<\/p>\n<p>Entre ambas instituciones pertenecientes al distro 19d04 El Pangui -Yantzaza suman un total <strong>2.699 estudiantes<\/strong>, que retomaron sus actividades educativas en El Pangui y Yantzaza. El inicio de clases se desarrolla adem\u00e1s en el marco de las acciones anunciadas por la Coordinaci\u00f3n Zonal de Educaci\u00f3n relacionadas con la <strong>entrega de uniformes y mobiliario<\/strong> para las instituciones educativas.<\/p>\n","protected":false},"excerpt":{"rendered":"<p>El coordinador Zonal de Educaci\u00f3n de la Zona 7, Favio Villamizar, particip\u00f3 en los actos de inauguraci\u00f3n del a\u00f1o lectivo 2026-2027 en las unidades educativas Arutam, del cant\u00f3n El Pangui, y Primero de Mayo, del cant\u00f3n Yantzaza, con lo que se oficializ\u00f3 el inicio de las actividades acad\u00e9micas del r\u00e9gimen Sierra-Amazon\u00eda en estas instituciones. En [&hellip;]<\/p>\n","protected":false},"author":1,"featured_media":24759,"comment_status":"open","ping_status":"open","sticky":false,"template":"","format":"standard","meta":{"footnotes":""},"categories":[9],"tags":[],"_links":{"self":[{"href":"https:\/\/infozamoraec.com\/index.php\/wp-json\/wp\/v2\/posts\/24758"}],"collection":[{"href":"https:\/\/infozamoraec.com\/index.php\/wp-json\/wp\/v2\/posts"}],"about":[{"href":"https:\/\/infozamoraec.com\/index.php\/wp-json\/wp\/v2\/types\/post"}],"author":[{"embeddable":true,"href":"https:\/\/infozamoraec.com\/index.php\/wp-json\/wp\/v2\/users\/1"}],"replies":[{"embeddable":true,"href":"https:\/\/infozamoraec.com\/index.php\/wp-json\/wp\/v2\/comments?post=24758"}],"version-history":[{"count":1,"href":"https:\/\/infozamoraec.com\/index.php\/wp-json\/wp\/v2\/posts\/24758\/revisions"}],"predecessor-version":[{"id":24760,"href":"https:\/\/infozamoraec.com\/index.php\/wp-json\/wp\/v2\/posts\/24758\/revisions\/24760"}],"wp:featuredmedia":[{"embeddable":true,"href":"https:\/\/infozamoraec.com\/index.php\/wp-json\/wp\/v2\/media\/24759"}],"wp:attachment":[{"href":"https:\/\/infozamoraec.com\/index.php\/wp-json\/wp\/v2\/media?parent=24758"}],"wp:term":[{"taxonomy":"category","embeddable":true,"href":"https:\/\/infozamoraec.com\/index.php\/wp-json\/wp\/v2\/categories?post=24758"},{"taxonomy":"post_tag","embeddable":true,"href":"https:\/\/infozamoraec.com\/index.php\/wp-json\/wp\/v2\/tags?post=24758"}],"curies":[{"name":"wp","href":"https:\/\/api.w.org\/{rel}","templated":true}]}}