{"id":24735,"date":"2026-09-01T22:05:02","date_gmt":"2026-09-01T22:05:02","guid":{"rendered":"https:\/\/infozamoraec.com\/?p=24735"},"modified":"2026-09-01T22:05:02","modified_gmt":"2026-09-01T22:05:02","slug":"palanda-se-prepara-para-la-xiv-edicion-de-bracamoros-coffee-una-vitrina-para-el-cafe-de-especialidad","status":"publish","type":"post","link":"https:\/\/infozamoraec.com\/index.php\/2026\/09\/01\/palanda-se-prepara-para-la-xiv-edicion-de-bracamoros-coffee-una-vitrina-para-el-cafe-de-especialidad\/","title":{"rendered":"Palanda se prepara para la XIV edici\u00f3n de Bracamoros Coffee, una vitrina para el caf\u00e9 de especialidad"},"content":{"rendered":"<p>. Productores, emprendedores, organizaciones y autoridades se preparan para la XIV edici\u00f3n de Bracamoros Coffee, evento que se desarrollar\u00e1 el pr\u00f3ximo 26 de septiembre en Palanda, con el objetivo de promover el caf\u00e9 de especialidad y fortalecer su posicionamiento en mercados nacionales e internacionales.<\/p>\n<p>La promoci\u00f3n oficial de esta nueva edici\u00f3n se realiz\u00f3 en Zamora y Loja, donde se present\u00f3 parte de la programaci\u00f3n y se destac\u00f3 el trabajo que durante varios a\u00f1os vienen desarrollando las familias dedicadas a la producci\u00f3n cafetalera en la provincia.<\/p>\n<p>La prefecta de Zamora Chinchipe, Karla Re\u00e1tegui, se\u00f1al\u00f3 que la provincia contin\u00faa avanzando en su posicionamiento en mercados internacionales mediante el trabajo articulado entre productores, organizaciones, empresa p\u00fablica y sector privado. \u201cQueremos que Zamora Chinchipe siga llegando al mercado internacional con m\u00e1s logros, m\u00e1s esfuerzos y m\u00e1s productos\u201d, manifest\u00f3.<\/p>\n<p>Uno de los principales actores de esta actividad es la Asociaci\u00f3n de Cafetaleros Ecol\u00f3gicos de Palanda y Chinchipe (APECAP), organizaci\u00f3n que cuenta con 26 a\u00f1os de trabajo y agrupa a m\u00e1s de 400 familias cafetaleras de los cantones Palanda y Chinchipe.<\/p>\n<p>Pa\u00fal Cueva, administrador de APECAP, explic\u00f3 que la organizaci\u00f3n trabaja no solamente en la producci\u00f3n y comercializaci\u00f3n del caf\u00e9, sino tambi\u00e9n en iniciativas sociales y ambientales. Destac\u00f3 que sus productores han logrado exportar caf\u00e9 libre de deforestaci\u00f3n hacia mercados de Alemania, Francia y Espa\u00f1a.<\/p>\n<p>Seg\u00fan Cueva, durante 2025 se alcanz\u00f3 una exportaci\u00f3n aproximada de 6.000 quintales de caf\u00e9. Tambi\u00e9n se\u00f1al\u00f3 que uno de los principales atractivos de Bracamoros Coffee es la subasta de los mejores lotes, debido a que permite establecer precios de acuerdo con la calidad del producto.<\/p>\n<p>En la edici\u00f3n anterior, desarrollada en Zumba, el caf\u00e9 ganador alcanz\u00f3 un valor de USD 1.210 por quintal, cifra que los organizadores esperan superar en esta nueva edici\u00f3n.<\/p>\n<p>Para Melecio Mayo, exportador de caf\u00e9, Bracamoros Coffee se ha convertido tambi\u00e9n en una plataforma para promocionar el turismo de Palanda y mostrar a los visitantes la producci\u00f3n y riqueza de la zona.<\/p>\n<p>Por su parte, Jos\u00e9 Antonio Reyes, presidente de APECAP, destac\u00f3 el trabajo de las familias cafetaleras para obtener caf\u00e9s de alto puntaje y mantener pr\u00e1cticas orientadas a la protecci\u00f3n de los bosques y las microcuencas.<\/p>\n<p>Una jornada dedicada al caf\u00e9 de especialidad<\/p>\n<p>La XIV edici\u00f3n de Bracamoros Coffee contar\u00e1 con diferentes concursos y actividades vinculadas a la cadena productiva y comercial del caf\u00e9. Entre ellos constan Arte Latte Novatos, Mejor Licor de Caf\u00e9, Tostado de Caf\u00e9 Artesanal y Trillado Artesanal (Porr\u00f3n) de Caf\u00e9 Bola.<\/p>\n<p>Tambi\u00e9n se desarrollar\u00e1 el concurso al Mejor Stand Derivados Coffee 2026, adem\u00e1s de otras actividades destinadas a mostrar los productos y emprendimientos relacionados con el caf\u00e9.<\/p>\n<p>Durante el evento se reconocer\u00e1 a los 10 mejores lotes de caf\u00e9 y las 10 mejores fincas, entre otras categor\u00edas.<\/p>\n<p>Uno de los momentos principales ser\u00e1 la subasta de los 10 mejores lotes de caf\u00e9, actividad que permitir\u00e1 conocer el valor alcanzado por los productos seleccionados y que constituye uno de los principales espacios de comercializaci\u00f3n y reconocimiento de la calidad del caf\u00e9 de especialidad de Zamora Chinchipe.<\/p>\n<p>Con esta nueva edici\u00f3n, Palanda se prepara para recibir a productores, compradores, emprendedores, visitantes y representantes del sector cafetalero, en una jornada que busca fortalecer la comercializaci\u00f3n, reconocer el trabajo de las familias productoras y promover la producci\u00f3n de caf\u00e9 bajo pr\u00e1cticas ambientales responsables.<\/p>\n","protected":false},"excerpt":{"rendered":"<p>. Productores, emprendedores, organizaciones y autoridades se preparan para la XIV edici\u00f3n de Bracamoros Coffee, evento que se desarrollar\u00e1 el pr\u00f3ximo 26 de septiembre en Palanda, con el objetivo de promover el caf\u00e9 de especialidad y fortalecer su posicionamiento en mercados nacionales e internacionales. La promoci\u00f3n oficial de esta nueva edici\u00f3n se realiz\u00f3 en Zamora [&hellip;]<\/p>\n","protected":false},"author":1,"featured_media":24736,"comment_status":"open","ping_status":"open","sticky":false,"template":"","format":"standard","meta":{"footnotes":""},"categories":[9],"tags":[],"_links":{"self":[{"href":"https:\/\/infozamoraec.com\/index.php\/wp-json\/wp\/v2\/posts\/24735"}],"collection":[{"href":"https:\/\/infozamoraec.com\/index.php\/wp-json\/wp\/v2\/posts"}],"about":[{"href":"https:\/\/infozamoraec.com\/index.php\/wp-json\/wp\/v2\/types\/post"}],"author":[{"embeddable":true,"href":"https:\/\/infozamoraec.com\/index.php\/wp-json\/wp\/v2\/users\/1"}],"replies":[{"embeddable":true,"href":"https:\/\/infozamoraec.com\/index.php\/wp-json\/wp\/v2\/comments?post=24735"}],"version-history":[{"count":1,"href":"https:\/\/infozamoraec.com\/index.php\/wp-json\/wp\/v2\/posts\/24735\/revisions"}],"predecessor-version":[{"id":24737,"href":"https:\/\/infozamoraec.com\/index.php\/wp-json\/wp\/v2\/posts\/24735\/revisions\/24737"}],"wp:featuredmedia":[{"embeddable":true,"href":"https:\/\/infozamoraec.com\/index.php\/wp-json\/wp\/v2\/media\/24736"}],"wp:attachment":[{"href":"https:\/\/infozamoraec.com\/index.php\/wp-json\/wp\/v2\/media?parent=24735"}],"wp:term":[{"taxonomy":"category","embeddable":true,"href":"https:\/\/infozamoraec.com\/index.php\/wp-json\/wp\/v2\/categories?post=24735"},{"taxonomy":"post_tag","embeddable":true,"href":"https:\/\/infozamoraec.com\/index.php\/wp-json\/wp\/v2\/tags?post=24735"}],"curies":[{"name":"wp","href":"https:\/\/api.w.org\/{rel}","templated":true}]}}