{"id":24732,"date":"2026-09-01T21:56:20","date_gmt":"2026-09-01T21:56:20","guid":{"rendered":"https:\/\/infozamoraec.com\/?p=24732"},"modified":"2026-09-01T21:56:20","modified_gmt":"2026-09-01T21:56:20","slug":"las-aulas-se-llenan-de-alegria-con-el-inicio-del-ano-lectivo","status":"publish","type":"post","link":"https:\/\/infozamoraec.com\/index.php\/2026\/09\/01\/las-aulas-se-llenan-de-alegria-con-el-inicio-del-ano-lectivo\/","title":{"rendered":"Las aulas se llenan de alegr\u00eda con el inicio del a\u00f1o lectivo"},"content":{"rendered":"<p>Keyla Uzho, estudiante del Centro de Educaci\u00f3n Inicial Mercedes Quinde Burneo, lleg\u00f3 acompa\u00f1ada de su madre para empezar el a\u00f1o lectivo del r\u00e9gimen Sierra-Amazon\u00eda 2026-2027. \u201cLlegamos con muchas ganas de aprender, jugar y hacer nuevos amigos\u201d, dijo la ni\u00f1a.<\/p>\n<p>En el cant\u00f3n Catamayo, m\u00e1s de 7.000 estudiantes regresan a clases de forma escalonada, mientras que en el cant\u00f3n Loja son m\u00e1s de 54.200 estudiantes y en Saraguro m\u00e1s de 4.600 estudiantes.<\/p>\n<p>Favio Villamizar S\u00e1nchez, coordinador zonal 7 del Ministerio de Educaci\u00f3n, Deporte y Cultura, expres\u00f3: \u201cVolver a las aulas no significa \u00fanicamente retomar la rutina; significa abrir de nuevo la puerta a la oportunidad, al crecimiento y a la construcci\u00f3n del futuro que cada uno de nuestros ni\u00f1os, ni\u00f1as y adolescentes merece\u201d.<\/p>\n<p>El arranque de las clases est\u00e1 acompa\u00f1ado de la entrega de los uniformes escolares. \u201cHay un detalle que marca una diferencia hist\u00f3rica y que quiero destacar con profunda satisfacci\u00f3n: esta es la primera vez que nuestros estudiantes reciben sus uniformes antes del inicio del a\u00f1o lectivo\u201d, destac\u00f3 Villamizar.<\/p>\n<p>En la provincia de Loja, el MINEDEC adquiri\u00f3 10.030 kits con una inversi\u00f3n de USD 333.096. \u201cAtr\u00e1s quedaron las \u00e9pocas de incertidumbre y de esperas prolongadas. Hoy rompemos esquemas y demostramos que, con planificaci\u00f3n eficiente y voluntad pol\u00edtica, las cosas se pueden hacer bien y a tiempo\u201d, asegur\u00f3 el Coordinador Zonal.<\/p>\n<p>Mercedes Guajala, l\u00edder del Centro de Educaci\u00f3n Inicial Mercedes Quinde Burneo, manifest\u00f3 que es una nueva oportunidad para crear nuevas experiencias que quedar\u00e1n en la memoria de los estudiantes. \u201cLa educaci\u00f3n es una tarea compartida: familia y escuela, debemos caminar de la mano porque cuando trabajamos juntos, nuestros ni\u00f1os tienen mayores oportunidades\u201d.<\/p>\n<p>El Ministerio de Educaci\u00f3n, Deporte y Cultura ratifica el compromiso de garantizar entornos seguros, inclusivos y de calidad, donde cada estudiante encuentre las herramientas necesarias para alcanzar su m\u00e1ximo potencial.<\/p>\n","protected":false},"excerpt":{"rendered":"<p>Keyla Uzho, estudiante del Centro de Educaci\u00f3n Inicial Mercedes Quinde Burneo, lleg\u00f3 acompa\u00f1ada de su madre para empezar el a\u00f1o lectivo del r\u00e9gimen Sierra-Amazon\u00eda 2026-2027. \u201cLlegamos con muchas ganas de aprender, jugar y hacer nuevos amigos\u201d, dijo la ni\u00f1a. En el cant\u00f3n Catamayo, m\u00e1s de 7.000 estudiantes regresan a clases de forma escalonada, mientras que [&hellip;]<\/p>\n","protected":false},"author":1,"featured_media":24733,"comment_status":"open","ping_status":"open","sticky":false,"template":"","format":"standard","meta":{"footnotes":""},"categories":[12],"tags":[],"_links":{"self":[{"href":"https:\/\/infozamoraec.com\/index.php\/wp-json\/wp\/v2\/posts\/24732"}],"collection":[{"href":"https:\/\/infozamoraec.com\/index.php\/wp-json\/wp\/v2\/posts"}],"about":[{"href":"https:\/\/infozamoraec.com\/index.php\/wp-json\/wp\/v2\/types\/post"}],"author":[{"embeddable":true,"href":"https:\/\/infozamoraec.com\/index.php\/wp-json\/wp\/v2\/users\/1"}],"replies":[{"embeddable":true,"href":"https:\/\/infozamoraec.com\/index.php\/wp-json\/wp\/v2\/comments?post=24732"}],"version-history":[{"count":1,"href":"https:\/\/infozamoraec.com\/index.php\/wp-json\/wp\/v2\/posts\/24732\/revisions"}],"predecessor-version":[{"id":24734,"href":"https:\/\/infozamoraec.com\/index.php\/wp-json\/wp\/v2\/posts\/24732\/revisions\/24734"}],"wp:featuredmedia":[{"embeddable":true,"href":"https:\/\/infozamoraec.com\/index.php\/wp-json\/wp\/v2\/media\/24733"}],"wp:attachment":[{"href":"https:\/\/infozamoraec.com\/index.php\/wp-json\/wp\/v2\/media?parent=24732"}],"wp:term":[{"taxonomy":"category","embeddable":true,"href":"https:\/\/infozamoraec.com\/index.php\/wp-json\/wp\/v2\/categories?post=24732"},{"taxonomy":"post_tag","embeddable":true,"href":"https:\/\/infozamoraec.com\/index.php\/wp-json\/wp\/v2\/tags?post=24732"}],"curies":[{"name":"wp","href":"https:\/\/api.w.org\/{rel}","templated":true}]}}