{"id":24726,"date":"2026-09-01T21:47:24","date_gmt":"2026-09-01T21:47:24","guid":{"rendered":"https:\/\/infozamoraec.com\/?p=24726"},"modified":"2026-09-01T21:47:24","modified_gmt":"2026-09-01T21:47:24","slug":"falta-de-consensos-frena-el-debate-al-codigo-de-la-ninez-en-la-asamblea","status":"publish","type":"post","link":"https:\/\/infozamoraec.com\/index.php\/2026\/09\/01\/falta-de-consensos-frena-el-debate-al-codigo-de-la-ninez-en-la-asamblea\/","title":{"rendered":"Falta de consensos frena el debate al C\u00f3digo de la Ni\u00f1ez en la Asamblea"},"content":{"rendered":"<p>El Pleno de la Asamblea Nacional suspendi\u00f3 este 1 de septiembre de 2026 el segundo y definitivo debate del proyecto de reformas al C\u00f3digo de la Ni\u00f1ez y la Adolescencia, correspondiente a la continuaci\u00f3n de la sesi\u00f3n 113. La decisi\u00f3n de cerrar la sesi\u00f3n se tom\u00f3 minutos antes de las 11:00 ante la falta de acuerdos pol\u00edticos entre la bancada oficialista y los sectores de oposici\u00f3n sobre la redacci\u00f3n final del articulado.<\/p>\n<p>El nudo cr\u00edtico que impidi\u00f3 la votaci\u00f3n final radica en la propuesta de ampliaci\u00f3n de las licencias de maternidad y paternidad, un punto que genera profundas discrepancias sobre su viabilidad e impacto en los sectores p\u00fablico y privado. El proyecto de ley busca extender la licencia de maternidad a 14 semanas remuneradas e introduce directrices para actualizar las pensiones alimenticias, regular los entornos digitales para menores y normar la tenencia compartida.<\/p>\n<p>El primer vicepresidente del Legislativo, Esteban Torres, confirm\u00f3 que la sesi\u00f3n fue postergada con el fin de abrir un espacio que permita a las diferentes bancadas alcanzar los consensos necesarios sobre los textos normativos. Por su parte, asamble\u00edstas de la Comisi\u00f3n de la Ni\u00f1ez lamentaron la suspensi\u00f3n, argumentando que se retrasa la aprobaci\u00f3n de un marco jur\u00eddico indispensable para garantizar de forma integral los derechos y la seguridad digital de los ni\u00f1os y adolescentes en el pa\u00eds. (I)<\/p>\n","protected":false},"excerpt":{"rendered":"<p>El Pleno de la Asamblea Nacional suspendi\u00f3 este 1 de septiembre de 2026 el segundo y definitivo debate del proyecto de reformas al C\u00f3digo de la Ni\u00f1ez y la Adolescencia, correspondiente a la continuaci\u00f3n de la sesi\u00f3n 113. La decisi\u00f3n de cerrar la sesi\u00f3n se tom\u00f3 minutos antes de las 11:00 ante la falta de [&hellip;]<\/p>\n","protected":false},"author":1,"featured_media":24727,"comment_status":"open","ping_status":"open","sticky":false,"template":"","format":"standard","meta":{"footnotes":""},"categories":[12],"tags":[],"_links":{"self":[{"href":"https:\/\/infozamoraec.com\/index.php\/wp-json\/wp\/v2\/posts\/24726"}],"collection":[{"href":"https:\/\/infozamoraec.com\/index.php\/wp-json\/wp\/v2\/posts"}],"about":[{"href":"https:\/\/infozamoraec.com\/index.php\/wp-json\/wp\/v2\/types\/post"}],"author":[{"embeddable":true,"href":"https:\/\/infozamoraec.com\/index.php\/wp-json\/wp\/v2\/users\/1"}],"replies":[{"embeddable":true,"href":"https:\/\/infozamoraec.com\/index.php\/wp-json\/wp\/v2\/comments?post=24726"}],"version-history":[{"count":1,"href":"https:\/\/infozamoraec.com\/index.php\/wp-json\/wp\/v2\/posts\/24726\/revisions"}],"predecessor-version":[{"id":24728,"href":"https:\/\/infozamoraec.com\/index.php\/wp-json\/wp\/v2\/posts\/24726\/revisions\/24728"}],"wp:featuredmedia":[{"embeddable":true,"href":"https:\/\/infozamoraec.com\/index.php\/wp-json\/wp\/v2\/media\/24727"}],"wp:attachment":[{"href":"https:\/\/infozamoraec.com\/index.php\/wp-json\/wp\/v2\/media?parent=24726"}],"wp:term":[{"taxonomy":"category","embeddable":true,"href":"https:\/\/infozamoraec.com\/index.php\/wp-json\/wp\/v2\/categories?post=24726"},{"taxonomy":"post_tag","embeddable":true,"href":"https:\/\/infozamoraec.com\/index.php\/wp-json\/wp\/v2\/tags?post=24726"}],"curies":[{"name":"wp","href":"https:\/\/api.w.org\/{rel}","templated":true}]}}