{"id":24723,"date":"2026-09-01T21:45:23","date_gmt":"2026-09-01T21:45:23","guid":{"rendered":"https:\/\/infozamoraec.com\/?p=24723"},"modified":"2026-09-01T21:45:23","modified_gmt":"2026-09-01T21:45:23","slug":"daniel-salcedo-sera-extraditado-a-estados-unidos-dice-reimberg","status":"publish","type":"post","link":"https:\/\/infozamoraec.com\/index.php\/2026\/09\/01\/daniel-salcedo-sera-extraditado-a-estados-unidos-dice-reimberg\/","title":{"rendered":"Daniel Salcedo ser\u00e1 extraditado a Estados Unidos, dice Reimberg"},"content":{"rendered":"<p>El Ministro del Interior, John Reimberg, anunci\u00f3 en una entrevista con Radio \u00c9lite que Daniel Salcedo Bonilla formar\u00e1 parte de un grupo de personas que ser\u00e1n trasladadas fuera de Ecuador tras ser requeridas por la justicia estadounidense.<\/p>\n<p>El funcionario de Gobierno detall\u00f3 que el procesado ya fue notificado formalmente sobre el inicio de su tr\u00e1mite de extradici\u00f3n. Aunque el procedimiento legal contin\u00faa en marcha, las autoridades indicaron que a\u00fan no se ha establecido una fecha definitiva para su traslado a\u00e9reo hacia Norteam\u00e9rica.<\/p>\n<p>Reimberg mencion\u00f3 a Salcedo y a otra persona de apellido Herrera. Tambi\u00e9n a Roberto \u00c1lvarez Vera, alias \u201cGerente\u201d, presunto cabecilla de Comandos de la Frontera. Reimberg no dio fecha de traslado y se limit\u00f3 a afirmar que Salcedo \u201ctiene sus problemas en los Estados Unidos\u201d.<\/p>\n<p>No hay, sin embarago, en las fuentes abiertas revisadas, un expediente estadounidense detallado (acusaci\u00f3n formal, distrito federal, fecha de la solicitud original ni lista precisa de cargos) publicado junto con esa noticia.<\/p>\n<p>Lo que s\u00ed consta en investigaciones ecuatorianas y reportajes es que Salcedo ten\u00eda v\u00ednculos patrimoniales con Estados Unidos: una casa en Doral, Miami, adquirida en 2019 por unos 670.000 d\u00f3lares; un departamento en el edificio Paramount Miami Worldcenter; y ha realizado ransferencias hacia Estados Unidos (se mencion\u00f3 al menos una de 102.000 d\u00f3lares a su nombre) y giros a Puerto Rico (550.000 y 700.000 d\u00f3lares) que formaron parte de las pruebas del proceso de lavado de activos en Ecuador.<\/p>\n<p>Un historial marcado por la corrupci\u00f3n<br \/>\nSalcedo acumula varias sentencias en el pa\u00eds que superan los 30 a\u00f1os de prisi\u00f3n debido a tramas de peculado y delincuencia organizada vinculadas con la venta irregular de insumos m\u00e9dicos en hospitales p\u00fablicos. En meses recientes, se convirti\u00f3 en un testigo clave y cooperador eficaz dentro de las investigaciones judiciales de los casos Met\u00e1stasis, Purga y Plaga, as\u00ed como en el proceso por el magnicidio del excandidato presidencial Fernando Villavicencio.<\/p>\n<p>A ra\u00edz de informes de riesgo contra su vida, el procesado permanec\u00eda recluido bajo estrictas medidas de seguridad en el centro penitenciario de m\u00e1xima seguridad \u00abEl Encuentro\u00bb, ubicado en la provincia de Santa Elena.<\/p>\n<p>El anuncio de esta extradici\u00f3n se da semanas despu\u00e9s de que la Asamblea Nacional aprobara una actualizaci\u00f3n normativa destinada a agilizar las entregas de ciudadanos requeridos por cr\u00edmenes transnacionales. De materializarse el viaje de Salcedo, este deber\u00e1 comparecer ante los tribunales norteamericanos para responder por delitos financieros o de conspiraci\u00f3n que se ventilan bajo la jurisdicci\u00f3n de los Estados Unidos.<\/p>\n","protected":false},"excerpt":{"rendered":"<p>El Ministro del Interior, John Reimberg, anunci\u00f3 en una entrevista con Radio \u00c9lite que Daniel Salcedo Bonilla formar\u00e1 parte de un grupo de personas que ser\u00e1n trasladadas fuera de Ecuador tras ser requeridas por la justicia estadounidense. El funcionario de Gobierno detall\u00f3 que el procesado ya fue notificado formalmente sobre el inicio de su tr\u00e1mite [&hellip;]<\/p>\n","protected":false},"author":1,"featured_media":24724,"comment_status":"open","ping_status":"open","sticky":false,"template":"","format":"standard","meta":{"footnotes":""},"categories":[12],"tags":[],"_links":{"self":[{"href":"https:\/\/infozamoraec.com\/index.php\/wp-json\/wp\/v2\/posts\/24723"}],"collection":[{"href":"https:\/\/infozamoraec.com\/index.php\/wp-json\/wp\/v2\/posts"}],"about":[{"href":"https:\/\/infozamoraec.com\/index.php\/wp-json\/wp\/v2\/types\/post"}],"author":[{"embeddable":true,"href":"https:\/\/infozamoraec.com\/index.php\/wp-json\/wp\/v2\/users\/1"}],"replies":[{"embeddable":true,"href":"https:\/\/infozamoraec.com\/index.php\/wp-json\/wp\/v2\/comments?post=24723"}],"version-history":[{"count":1,"href":"https:\/\/infozamoraec.com\/index.php\/wp-json\/wp\/v2\/posts\/24723\/revisions"}],"predecessor-version":[{"id":24725,"href":"https:\/\/infozamoraec.com\/index.php\/wp-json\/wp\/v2\/posts\/24723\/revisions\/24725"}],"wp:featuredmedia":[{"embeddable":true,"href":"https:\/\/infozamoraec.com\/index.php\/wp-json\/wp\/v2\/media\/24724"}],"wp:attachment":[{"href":"https:\/\/infozamoraec.com\/index.php\/wp-json\/wp\/v2\/media?parent=24723"}],"wp:term":[{"taxonomy":"category","embeddable":true,"href":"https:\/\/infozamoraec.com\/index.php\/wp-json\/wp\/v2\/categories?post=24723"},{"taxonomy":"post_tag","embeddable":true,"href":"https:\/\/infozamoraec.com\/index.php\/wp-json\/wp\/v2\/tags?post=24723"}],"curies":[{"name":"wp","href":"https:\/\/api.w.org\/{rel}","templated":true}]}}