{"id":24720,"date":"2026-09-01T21:36:22","date_gmt":"2026-09-01T21:36:22","guid":{"rendered":"https:\/\/infozamoraec.com\/?p=24720"},"modified":"2026-09-01T21:36:22","modified_gmt":"2026-09-01T21:36:22","slug":"32-044-estudiantes-retornan-a-las-aulas-en-zamora-chinchipe-con-el-inicio-del-ano-lectivo-2026-2027","status":"publish","type":"post","link":"https:\/\/infozamoraec.com\/index.php\/2026\/09\/01\/32-044-estudiantes-retornan-a-las-aulas-en-zamora-chinchipe-con-el-inicio-del-ano-lectivo-2026-2027\/","title":{"rendered":"32.044 estudiantes retornan a las aulas en Zamora Chinchipe con el inicio del a\u00f1o lectivo 2026-2027"},"content":{"rendered":"<p class=\"isSelectedEnd\">Con el acto inaugural desarrollado en la <strong>Unidad Educativa Fiscomisional San Francisco de As\u00eds<\/strong>, este martes 01 de septiembre,\u00a0 inici\u00f3 oficialmente el a\u00f1o lectivo <strong>2026-2027<\/strong> para las instituciones educativas del r\u00e9gimen <strong>Sierra-Amazon\u00eda<\/strong> en la provincia de Zamora Chinchipe.<\/p>\n<p class=\"isSelectedEnd\">El evento cont\u00f3 con la presencia de <strong>Vanessa Palma, directora del Distrito de Educaci\u00f3n 19D01 Zamora-Yacuambi<\/strong>, adem\u00e1s de autoridades y directivos de la instituci\u00f3n, docentes, estudiantes y padres de familia.<\/p>\n<p class=\"isSelectedEnd\">Con el inicio del per\u00edodo acad\u00e9mico, las aulas de la provincia reciben nuevamente a <strong>32.044 estudiantes<\/strong>, quienes retomaron sus actividades educativas en las diferentes instituciones de Zamora Chinchipe.<\/p>\n<p class=\"isSelectedEnd\">Durante el acto inaugural, en el distrito 19D01, los estudiantes expresaron sus expectativas frente al nuevo a\u00f1o acad\u00e9mico. <strong>Javier Calva<\/strong>,\u00a0 se\u00f1al\u00f3 que el retorno a clases representa una nueva oportunidad para avanzar en su formaci\u00f3n y acercarse a la meta de obtener el t\u00edtulo de bachiller.<\/p>\n<p class=\"isSelectedEnd\">El inicio del a\u00f1o lectivo tambi\u00e9n est\u00e1 acompa\u00f1ado por acciones anunciadas por el Ministerio de Educaci\u00f3n para mejorar las condiciones de los estudiantes. D\u00edas atr\u00e1s, el coordinador de Educaci\u00f3n de la Zona 7, Favio Villamizar,\u00a0 inform\u00f3 que durante la presente semana iniciar\u00e1 la <strong>distribuci\u00f3n de uniformes escolares<\/strong>, adem\u00e1s de se\u00f1alar que se ha avanzado en la dotaci\u00f3n de mobiliario para las instituciones educativas.<\/p>\n<p class=\"isSelectedEnd\">Las autoridades educativas indicaron tambi\u00e9n que los establecimientos de la provincia de Zamora Chinchipe se encuentran habilitados para recibir a los estudiantes en este nuevo per\u00edodo acad\u00e9mico.<\/p>\n<p>El a\u00f1o lectivo <strong>2026-2027<\/strong> contempla as\u00ed el retorno a las aulas de miles de estudiantes de los nueve cantones de Zamora Chinchipe, quienes iniciaron una nueva etapa de formaci\u00f3n acad\u00e9mica.<\/p>\n<p>Para\u00a0 este 02 de septiembre, se prev\u00e9 realizar el acto oficial de inauguraci\u00f3n en la Unidad\u00a0 Educativa 12 de Febrero de\u00a0 Zamora, con la presencia del Coordinador\u00a0 Zonal 7 de Educaci\u00f3n<\/p>\n","protected":false},"excerpt":{"rendered":"<p>Con el acto inaugural desarrollado en la Unidad Educativa Fiscomisional San Francisco de As\u00eds, este martes 01 de septiembre,\u00a0 inici\u00f3 oficialmente el a\u00f1o lectivo 2026-2027 para las instituciones educativas del r\u00e9gimen Sierra-Amazon\u00eda en la provincia de Zamora Chinchipe. El evento cont\u00f3 con la presencia de Vanessa Palma, directora del Distrito de Educaci\u00f3n 19D01 Zamora-Yacuambi, adem\u00e1s [&hellip;]<\/p>\n","protected":false},"author":1,"featured_media":24721,"comment_status":"open","ping_status":"open","sticky":false,"template":"","format":"standard","meta":{"footnotes":""},"categories":[9],"tags":[],"_links":{"self":[{"href":"https:\/\/infozamoraec.com\/index.php\/wp-json\/wp\/v2\/posts\/24720"}],"collection":[{"href":"https:\/\/infozamoraec.com\/index.php\/wp-json\/wp\/v2\/posts"}],"about":[{"href":"https:\/\/infozamoraec.com\/index.php\/wp-json\/wp\/v2\/types\/post"}],"author":[{"embeddable":true,"href":"https:\/\/infozamoraec.com\/index.php\/wp-json\/wp\/v2\/users\/1"}],"replies":[{"embeddable":true,"href":"https:\/\/infozamoraec.com\/index.php\/wp-json\/wp\/v2\/comments?post=24720"}],"version-history":[{"count":1,"href":"https:\/\/infozamoraec.com\/index.php\/wp-json\/wp\/v2\/posts\/24720\/revisions"}],"predecessor-version":[{"id":24722,"href":"https:\/\/infozamoraec.com\/index.php\/wp-json\/wp\/v2\/posts\/24720\/revisions\/24722"}],"wp:featuredmedia":[{"embeddable":true,"href":"https:\/\/infozamoraec.com\/index.php\/wp-json\/wp\/v2\/media\/24721"}],"wp:attachment":[{"href":"https:\/\/infozamoraec.com\/index.php\/wp-json\/wp\/v2\/media?parent=24720"}],"wp:term":[{"taxonomy":"category","embeddable":true,"href":"https:\/\/infozamoraec.com\/index.php\/wp-json\/wp\/v2\/categories?post=24720"},{"taxonomy":"post_tag","embeddable":true,"href":"https:\/\/infozamoraec.com\/index.php\/wp-json\/wp\/v2\/tags?post=24720"}],"curies":[{"name":"wp","href":"https:\/\/api.w.org\/{rel}","templated":true}]}}