{"id":24707,"date":"2026-09-01T20:51:22","date_gmt":"2026-09-01T20:51:22","guid":{"rendered":"https:\/\/infozamoraec.com\/?p=24707"},"modified":"2026-09-01T20:51:22","modified_gmt":"2026-09-01T20:51:22","slug":"paquisha-inicia-rehabilitacion-del-estadio-monsenor-ricardo-flatz-con-una-inversion-de-usd-114-millones","status":"publish","type":"post","link":"https:\/\/infozamoraec.com\/index.php\/2026\/09\/01\/paquisha-inicia-rehabilitacion-del-estadio-monsenor-ricardo-flatz-con-una-inversion-de-usd-114-millones\/","title":{"rendered":"Paquisha inicia rehabilitaci\u00f3n del estadio Monse\u00f1or Ricardo Flatz con una inversi\u00f3n de USD 1,14 millones"},"content":{"rendered":"<div class=\"relative basis-auto flex-col -mb-(--composer-overlap-px) pb-(--composer-overlap-px) [--composer-overlap-px:28px] grow flex\">\n<div class=\"flex min-h-0 grow flex-col text-sm\">\n<div class=\"qMYqUG_convSearchResultHighlightRoot\">\n<div class=\"\" data-turn-id-container=\"request-6a8dd48e-6540-83e9-9b3d-32c25211bc4a-0\" data-is-intersecting=\"true\">\n<section class=\"text-token-text-primary w-full focus:outline-none has-data-writing-block:pointer-events-none [&amp;:has([data-writing-block])&gt;*]:pointer-events-auto R6Vx5W_threadScrollVars scroll-mb-[calc(var(--scroll-root-safe-area-inset-bottom,0px)+var(--thread-response-height))] scroll-mt-[calc(var(--header-height)+min(200px,max(70px,20svh)))]\" dir=\"auto\" data-turn-id=\"request-6a8dd48e-6540-83e9-9b3d-32c25211bc4a-0\" data-turn-id-container=\"request-6a8dd48e-6540-83e9-9b3d-32c25211bc4a-0\" data-testid=\"conversation-turn-12\" data-turn=\"assistant\">\n<div class=\"text-base my-auto mx-auto pb-3 [--thread-content-margin:var(--thread-content-margin-xs,calc(var(--spacing)*4))] @w-sm\/main:[--thread-content-margin:var(--thread-content-margin-sm,calc(var(--spacing)*6))] @w-lg\/main:[--thread-content-margin:var(--thread-content-margin-lg,calc(var(--spacing)*16))] px-(--thread-content-margin)\">\n<div class=\"[--thread-content-max-width:40rem] @w-lg\/main:[--thread-content-max-width:48rem] mx-auto max-w-(--thread-content-max-width) flex-1 group\/turn-messages focus-visible:outline-hidden relative flex w-full min-w-0 flex-col agent-turn\" data-conversation-screenshot-content=\"\">\n<div class=\"flex max-w-full flex-col gap-4 grow\">\n<div class=\"min-h-8 text-message relative flex w-full flex-col items-end gap-2 text-start break-words whitespace-normal outline-none keyboard-focused:focus-ring [.text-message+&amp;]:mt-1\" dir=\"auto\" tabindex=\"0\" data-message-author-role=\"assistant\" data-message-id=\"9d7f9db2-5fb7-4ff3-bd0c-8f7805e820bc\" data-message-model-slug=\"gpt-5-6\" data-turn-start-message=\"true\">\n<div class=\"flex w-full flex-col gap-1 empty:hidden\">\n<div class=\"markdown prose dark:prose-invert wrap-break-word w-full light markdown-new-styling\">\n<p data-start=\"110\" data-end=\"353\">Con la colocaci\u00f3n simb\u00f3lica del primer c\u00e9sped, inici\u00f3 la rehabilitaci\u00f3n del estadio <strong data-start=\"226\" data-end=\"252\">Monse\u00f1or Ricardo Flatz<\/strong>, proyecto que contempla una inversi\u00f3n de <strong data-start=\"294\" data-end=\"314\">USD 1.143.420,30<\/strong> y un plazo de ejecuci\u00f3n de ocho meses.<\/p>\n<p data-start=\"355\" data-end=\"688\">Del monto total, <strong data-start=\"372\" data-end=\"463\">USD 960.828,52 corresponden al financiamiento del Banco de Desarrollo del Ecuador (BDE)<\/strong> y <strong data-start=\"466\" data-end=\"531\">USD 182.591,78 son aportados por el GAD Municipal de Paquisha<\/strong>. La obra contempla una intervenci\u00f3n integral de este escenario deportivo, considerado uno de los principales espacios para la pr\u00e1ctica deportiva del cant\u00f3n.<\/p>\n<p data-start=\"690\" data-end=\"947\">Entre los trabajos previstos consta la <strong data-start=\"729\" data-end=\"930\">ampliaci\u00f3n de la cubierta de los grader\u00edos, instalaci\u00f3n de c\u00e9sped sint\u00e9tico, mantenimiento del cerramiento perimetral, colocaci\u00f3n de bancas para suplentes y \u00e1rbitros e implementaci\u00f3n de iluminaci\u00f3n<\/strong> para el estadio.<\/p>\n<p data-start=\"949\" data-end=\"1236\">El proyecto tambi\u00e9n contempla la adecuaci\u00f3n de espacios complementarios como <strong data-start=\"1026\" data-end=\"1053\">bar, gimnasio y bodegas<\/strong>, adem\u00e1s de la ampliaci\u00f3n de la planta baja para la pr\u00e1ctica de taekwondo y la instalaci\u00f3n de un t\u00fanel telesc\u00f3pico flexible para facilitar el ingreso y salida de jugadores y \u00e1rbitros.<\/p>\n<p data-start=\"1238\" data-end=\"1499\">Durante el acto, el alcalde de Paquisha, <strong data-start=\"1279\" data-end=\"1297\">Paul Rodr\u00edguez<\/strong>, destac\u00f3 la gesti\u00f3n realizada para concretar el proyecto y se\u00f1al\u00f3 que la intervenci\u00f3n busca mejorar las condiciones para la pr\u00e1ctica deportiva y generar espacios adecuados para las nuevas generaciones.<\/p>\n<p data-start=\"1501\" data-end=\"1735\">Dirigentes deportivos tambi\u00e9n destacaron el inicio de los trabajos. <strong data-start=\"1569\" data-end=\"1628\">Jos\u00e9 Ord\u00f3\u00f1ez, presidente de la Liga Barrial de Paquisha<\/strong>, se\u00f1al\u00f3 que la obra responde a una necesidad planteada durante varios a\u00f1os por los deportistas del cant\u00f3n.<\/p>\n<p data-start=\"1737\" data-end=\"2083\">Como parte de la jornada se reconoci\u00f3 adem\u00e1s a ni\u00f1os y j\u00f3venes de Paquisha que han obtenido resultados en diferentes competencias deportivas y han representado al cant\u00f3n en escenarios nacionales. Entre los homenajeados estuvieron <strong data-start=\"1967\" data-end=\"2082\">Dylan Cabrera, Jhosue Merino, Zhair Chininin, Mathias Sandoval, Mil\u00e1n Pullaguari, Dylan \u00c1lvarez y El\u00edas Cordero<\/strong>.<\/p>\n<p data-start=\"2085\" data-end=\"2385\">Los deportistas reconocidos han participado en competencias como la <strong data-start=\"2153\" data-end=\"2226\">Copa Promesas 2026, Baby F\u00fatbol y los Prejuveniles Azogues-Ca\u00f1ar 2026<\/strong>. El\u00edas Cordero y Jhosue Merino expresaron su expectativa por contar con una infraestructura que permita desarrollar sus entrenamientos en mejores condiciones.<\/p>\n<p data-start=\"2387\" data-end=\"2695\" data-is-last-node=\"\" data-is-only-node=\"\">La jornada tambi\u00e9n incluy\u00f3 el <strong data-start=\"2417\" data-end=\"2489\">\u00faltimo encuentro deportivo en la antigua infraestructura del estadio<\/strong>, en el que participaron equipos masculinos y femeninos de Paquisha y El Pangui. El partido marc\u00f3 simb\u00f3licamente el cierre de una etapa del escenario deportivo y el inicio de los trabajos de rehabilitaci\u00f3n.<\/p>\n<\/div>\n<\/div>\n<\/div>\n<\/div>\n<\/div>\n<\/div>\n<\/section>\n<\/div>\n<\/div>\n<\/div>\n<\/div>\n<div id=\"thread-bottom-container\" class=\"sticky bottom-0 z-10 isolate group\/thread-bottom-container w-full basis-auto has-data-has-thread-error:pt-2 has-data-has-thread-error:[box-shadow:var(--sharp-edge-bottom-shadow)] md:border-transparent md:pt-0 dark:border-white\/20 md:dark:border-transparent print:hidden pointer-events-none [--thread-content-max-width:40rem] @w-lg\/main:[--thread-content-max-width:48rem] Ejxyja_threadFooterContentFade flex flex-col\">\n<div id=\"thread-bottom\" class=\"relative sm:group-data-[work-home-expanded]\/thread:sticky sm:group-data-[work-home-expanded]\/thread:top-[calc(var(--sticky-padding-top,0px)+var(--work-home-greeting-height,96px))] sm:group-data-[work-home-expanded]\/thread:z-10\">\n<div class=\"relative z-1\">\n<div class=\"text-base mx-auto [--thread-content-margin:var(--thread-content-margin-xs,calc(var(--spacing)*4))] @w-sm\/main:[--thread-content-margin:var(--thread-content-margin-sm,calc(var(--spacing)*6))] @w-lg\/main:[--thread-content-margin:var(--thread-content-margin-lg,calc(var(--spacing)*16))] px-(--thread-content-margin)\">\n<div>\n<div class=\"[--thread-content-max-width:40rem] @w-lg\/main:[--thread-content-max-width:48rem] mx-auto max-w-(--thread-content-max-width) flex-1 mb-(--thread-component-gap,24px) sm:group-data-[work-home-expanded]\/thread:mb-0 pointer-events-auto\">\n<div class=\"w-full\">\n<div class=\"pointer-events-auto relative z-1 flex h-(--composer-container-height,100%) max-w-full flex-(--composer-container-flex,1) flex-col\">\n<div class=\"absolute start-0 end-0 bottom-full z-20\" data-prompt-textarea-header=\"\">\n<div class=\"relative h-full w-full\">\n<div class=\"mb-2 flex flex-col gap-3.5 pt-2\">\n<div>\n<aside class=\"flex w-full items-start rounded-3xl border py-4 ps-5 pe-3 text-sm [text-wrap:pretty] lg:mx-auto dark:border-transparent gap-4 shadow-xxs md:items-center border-token-border-default bg-token-bg-primary text-token-text-primary dark:bg-token-main-surface-secondary\">\n<div class=\"flex h-full w-full gap-3 md:items-center\">\n<div class=\"flex grow flex-col md:flex-row md:items-center md:justify-between md:gap-8\">\n<div class=\"mt-2 flex min-w-fit flex-col gap-2 md:mt-0 md:items-center md:gap-4\">\n<div class=\"m-w-fit flex shrink-0 gap-2 pb-1 md:pb-0\">\n<div class=\"flex w-full flex-col gap-2 sm:flex-row sm:items-center sm:gap-3\">\n<div class=\"flex items-center justify-center\"><\/div>\n<\/div>\n<\/div>\n<\/div>\n<\/div>\n<\/div>\n<\/aside>\n<\/div>\n<\/div>\n<\/div>\n<\/div>\n<\/div>\n<\/div>\n<\/div>\n<\/div>\n<\/div>\n<\/div>\n<\/div>\n<\/div>\n","protected":false},"excerpt":{"rendered":"<p>Con la colocaci\u00f3n simb\u00f3lica del primer c\u00e9sped, inici\u00f3 la rehabilitaci\u00f3n del estadio Monse\u00f1or Ricardo Flatz, proyecto que contempla una inversi\u00f3n de USD 1.143.420,30 y un plazo de ejecuci\u00f3n de ocho meses. Del monto total, USD 960.828,52 corresponden al financiamiento del Banco de Desarrollo del Ecuador (BDE) y USD 182.591,78 son aportados por el GAD Municipal [&hellip;]<\/p>\n","protected":false},"author":1,"featured_media":24708,"comment_status":"open","ping_status":"open","sticky":false,"template":"","format":"standard","meta":{"footnotes":""},"categories":[9],"tags":[],"_links":{"self":[{"href":"https:\/\/infozamoraec.com\/index.php\/wp-json\/wp\/v2\/posts\/24707"}],"collection":[{"href":"https:\/\/infozamoraec.com\/index.php\/wp-json\/wp\/v2\/posts"}],"about":[{"href":"https:\/\/infozamoraec.com\/index.php\/wp-json\/wp\/v2\/types\/post"}],"author":[{"embeddable":true,"href":"https:\/\/infozamoraec.com\/index.php\/wp-json\/wp\/v2\/users\/1"}],"replies":[{"embeddable":true,"href":"https:\/\/infozamoraec.com\/index.php\/wp-json\/wp\/v2\/comments?post=24707"}],"version-history":[{"count":1,"href":"https:\/\/infozamoraec.com\/index.php\/wp-json\/wp\/v2\/posts\/24707\/revisions"}],"predecessor-version":[{"id":24709,"href":"https:\/\/infozamoraec.com\/index.php\/wp-json\/wp\/v2\/posts\/24707\/revisions\/24709"}],"wp:featuredmedia":[{"embeddable":true,"href":"https:\/\/infozamoraec.com\/index.php\/wp-json\/wp\/v2\/media\/24708"}],"wp:attachment":[{"href":"https:\/\/infozamoraec.com\/index.php\/wp-json\/wp\/v2\/media?parent=24707"}],"wp:term":[{"taxonomy":"category","embeddable":true,"href":"https:\/\/infozamoraec.com\/index.php\/wp-json\/wp\/v2\/categories?post=24707"},{"taxonomy":"post_tag","embeddable":true,"href":"https:\/\/infozamoraec.com\/index.php\/wp-json\/wp\/v2\/tags?post=24707"}],"curies":[{"name":"wp","href":"https:\/\/api.w.org\/{rel}","templated":true}]}}