{"id":24693,"date":"2026-08-31T22:48:07","date_gmt":"2026-08-31T22:48:07","guid":{"rendered":"https:\/\/infozamoraec.com\/?p=24693"},"modified":"2026-08-31T22:48:07","modified_gmt":"2026-08-31T22:48:07","slug":"rd-del-congo-reporta-mas-de-6-000-casos-confirmados-de-ebola","status":"publish","type":"post","link":"https:\/\/infozamoraec.com\/index.php\/2026\/08\/31\/rd-del-congo-reporta-mas-de-6-000-casos-confirmados-de-ebola\/","title":{"rendered":"RD del Congo reporta m\u00e1s de 6.000 casos confirmados de \u00e9bola"},"content":{"rendered":"<p>Rep\u00fablica Democr\u00e1tica del Congo (RDC) registra m\u00e1s de 6.000 casos de\u00a0<a class=\"internal-link\" href=\"https:\/\/www.dw.com\/es\/%C3%A9bola\/t-43831002\" target=\"_blank\" rel=\"noopener\">\u00e9bola<\/a>, con casi 3.000 muertos, en la epidemia m\u00e1s grave de la historia del pa\u00eds, seg\u00fan datos publicados este lunes (31.08.2026).<\/p>\n<p>A mediados de mayo, la naci\u00f3n africana declar\u00f3 su decimos\u00e9ptima epidemia del virus, que en solo tres meses super\u00f3 el brote que azot\u00f3 el este de RDC entre 2018 y 2020.<\/p>\n<p>El brote empez\u00f3 en la provincia de Ituri, en el noreste, y est\u00e1 causado por el virus Bundibugyo, contra el que no existe vacuna ni tratamiento espec\u00edfico homologados. Se ha extendido r\u00e1pidamente a seis provincias del norte y este, donde la presencia del Estado es fr\u00e1gil y\u00a0<a class=\"internal-link\" href=\"https:\/\/www.dw.com\/es\/rep%C3%BAblica-democr%C3%A1tica-del-congo-y-grupo-armado-m23-acuerdan-hoja-de-ruta-para-negociaciones-de-paz\/a-78476611\" target=\"_blank\" rel=\"noopener\">operan grupos armados<\/a>.<\/p>\n<h2><strong>Esfuerzos para desarrollar una vacuna<\/strong><\/h2>\n<p>Hasta la fecha, se han registrado 2.911 muertes y 1.366 recuperaciones entre los 6.041 casos confirmados desde el inicio del brote, seg\u00fan la informaci\u00f3n ofrecida este lunes por las autoridades de salud.<\/p>\n<p>En su fase inicial, el virus Bundibugyo provoca s\u00edntomas aparentemente leves, lo que puede retrasar su detecci\u00f3n. Varios tratamientos y vacunas est\u00e1n en fase de prueba contra esta cepa a\u00fan poco conocida.<\/p>\n<p>A la espera de desarrollar una vacuna espec\u00edfica, la\u00a0<a class=\"internal-link\" href=\"https:\/\/www.dw.com\/es\/oms\/t-36416658\" target=\"_blank\" rel=\"noopener\">OMS<\/a>\u00a0recomend\u00f3 la puesta en marcha de un ensayo cl\u00ednico de fase 3 con Ervebo, una vacuna homologada contra la cepa Zaire, que hab\u00eda sido responsable de la mayor\u00eda de los brotes en RDC.<\/p>\n<p>rr afp\/ap<\/p>\n","protected":false},"excerpt":{"rendered":"<p>Rep\u00fablica Democr\u00e1tica del Congo (RDC) registra m\u00e1s de 6.000 casos de\u00a0\u00e9bola, con casi 3.000 muertos, en la epidemia m\u00e1s grave de la historia del pa\u00eds, seg\u00fan datos publicados este lunes (31.08.2026). A mediados de mayo, la naci\u00f3n africana declar\u00f3 su decimos\u00e9ptima epidemia del virus, que en solo tres meses super\u00f3 el brote que azot\u00f3 el [&hellip;]<\/p>\n","protected":false},"author":1,"featured_media":24694,"comment_status":"open","ping_status":"open","sticky":false,"template":"","format":"standard","meta":{"footnotes":""},"categories":[8],"tags":[],"_links":{"self":[{"href":"https:\/\/infozamoraec.com\/index.php\/wp-json\/wp\/v2\/posts\/24693"}],"collection":[{"href":"https:\/\/infozamoraec.com\/index.php\/wp-json\/wp\/v2\/posts"}],"about":[{"href":"https:\/\/infozamoraec.com\/index.php\/wp-json\/wp\/v2\/types\/post"}],"author":[{"embeddable":true,"href":"https:\/\/infozamoraec.com\/index.php\/wp-json\/wp\/v2\/users\/1"}],"replies":[{"embeddable":true,"href":"https:\/\/infozamoraec.com\/index.php\/wp-json\/wp\/v2\/comments?post=24693"}],"version-history":[{"count":1,"href":"https:\/\/infozamoraec.com\/index.php\/wp-json\/wp\/v2\/posts\/24693\/revisions"}],"predecessor-version":[{"id":24695,"href":"https:\/\/infozamoraec.com\/index.php\/wp-json\/wp\/v2\/posts\/24693\/revisions\/24695"}],"wp:featuredmedia":[{"embeddable":true,"href":"https:\/\/infozamoraec.com\/index.php\/wp-json\/wp\/v2\/media\/24694"}],"wp:attachment":[{"href":"https:\/\/infozamoraec.com\/index.php\/wp-json\/wp\/v2\/media?parent=24693"}],"wp:term":[{"taxonomy":"category","embeddable":true,"href":"https:\/\/infozamoraec.com\/index.php\/wp-json\/wp\/v2\/categories?post=24693"},{"taxonomy":"post_tag","embeddable":true,"href":"https:\/\/infozamoraec.com\/index.php\/wp-json\/wp\/v2\/tags?post=24693"}],"curies":[{"name":"wp","href":"https:\/\/api.w.org\/{rel}","templated":true}]}}