{"id":24690,"date":"2026-08-31T22:45:20","date_gmt":"2026-08-31T22:45:20","guid":{"rendered":"https:\/\/infozamoraec.com\/?p=24690"},"modified":"2026-08-31T22:45:20","modified_gmt":"2026-08-31T22:45:20","slug":"de-la-espriella-anuncia-operacion-contra-disidencias-de-farc","status":"publish","type":"post","link":"https:\/\/infozamoraec.com\/index.php\/2026\/08\/31\/de-la-espriella-anuncia-operacion-contra-disidencias-de-farc\/","title":{"rendered":"De la Espriella anuncia operaci\u00f3n contra disidencias de FARC"},"content":{"rendered":"<p>El presidente de Colombia, Abelardo de la Espriella, anunci\u00f3 este lunes (31.08.2026) una nueva operaci\u00f3n militar contra disidencias de las FARC, al mando de N\u00e9stor Gregorio Vera, al\u00edas \u00abIv\u00e1n Mordisco, el hombre m\u00e1s buscado del pa\u00eds.<\/p>\n<p>\u00abAnoche bombardeamos un campamento narcoterrorista en Guaviare. Nuestra fuerza p\u00fablica desarrolla la operaci\u00f3n militar Azar\u00edas en la vereda Lagos del Dorado, municipio de Miraflores, contra el Frente Carolina Ram\u00edrez y su principal cabecilla, alias &#8216;El Tigre&#8217; o &#8216;Pintado'\u00bb, escribi\u00f3 en la red social X.<\/p>\n<p>Seg\u00fan el balance preliminar revelado por el mandatario, en la acci\u00f3n armada murieron ocho combatientes del grupo armado, tres fueron capturados y otros dos, que se identificaron como menores de edad, fueron \u00abrecuperados\u00bb.<\/p>\n<p>\u00abEl Tigre\u00bb es se\u00f1alado por Bogot\u00e1 de dirigir acciones terroristas en los departamentos de Guaviare, Amazonas, Putumayo y Caquet\u00e1, todas en el sur del pa\u00eds, atacar unidades militares \u00aby promover el reclutamiento criminal de ni\u00f1os, ni\u00f1as y adolescentes\u00bb.<\/p>\n<p>Este guerrillero es requerido por Interpol con una notificaci\u00f3n roja y las autoridades colombianas est\u00e1n tratando de verificar si se encuentra entre los muertos, seg\u00fan De la Espriella. \u00abSolo lo confirmaremos cuando exista plena identificaci\u00f3n\u00bb, se\u00f1al\u00f3.<\/p>\n<p>rr efe\/el tiempo<\/p>\n<p>No dejes que el algoritmo oculte las noticias. Si conf\u00edas en ese sitio para obtener informaci\u00f3n confiable, por favor dedica un momento a seleccionarnos como tu fuente preferida en Google: haz clic aqu\u00ed y marca el casillero o pulsa el bot\u00f3n de DW.com para ver siempre nuestras noticias verificadas en tus preferencias.<\/p>\n","protected":false},"excerpt":{"rendered":"<p>El presidente de Colombia, Abelardo de la Espriella, anunci\u00f3 este lunes (31.08.2026) una nueva operaci\u00f3n militar contra disidencias de las FARC, al mando de N\u00e9stor Gregorio Vera, al\u00edas \u00abIv\u00e1n Mordisco, el hombre m\u00e1s buscado del pa\u00eds. \u00abAnoche bombardeamos un campamento narcoterrorista en Guaviare. Nuestra fuerza p\u00fablica desarrolla la operaci\u00f3n militar Azar\u00edas en la vereda Lagos [&hellip;]<\/p>\n","protected":false},"author":1,"featured_media":24691,"comment_status":"open","ping_status":"open","sticky":false,"template":"","format":"standard","meta":{"footnotes":""},"categories":[8],"tags":[],"_links":{"self":[{"href":"https:\/\/infozamoraec.com\/index.php\/wp-json\/wp\/v2\/posts\/24690"}],"collection":[{"href":"https:\/\/infozamoraec.com\/index.php\/wp-json\/wp\/v2\/posts"}],"about":[{"href":"https:\/\/infozamoraec.com\/index.php\/wp-json\/wp\/v2\/types\/post"}],"author":[{"embeddable":true,"href":"https:\/\/infozamoraec.com\/index.php\/wp-json\/wp\/v2\/users\/1"}],"replies":[{"embeddable":true,"href":"https:\/\/infozamoraec.com\/index.php\/wp-json\/wp\/v2\/comments?post=24690"}],"version-history":[{"count":1,"href":"https:\/\/infozamoraec.com\/index.php\/wp-json\/wp\/v2\/posts\/24690\/revisions"}],"predecessor-version":[{"id":24692,"href":"https:\/\/infozamoraec.com\/index.php\/wp-json\/wp\/v2\/posts\/24690\/revisions\/24692"}],"wp:featuredmedia":[{"embeddable":true,"href":"https:\/\/infozamoraec.com\/index.php\/wp-json\/wp\/v2\/media\/24691"}],"wp:attachment":[{"href":"https:\/\/infozamoraec.com\/index.php\/wp-json\/wp\/v2\/media?parent=24690"}],"wp:term":[{"taxonomy":"category","embeddable":true,"href":"https:\/\/infozamoraec.com\/index.php\/wp-json\/wp\/v2\/categories?post=24690"},{"taxonomy":"post_tag","embeddable":true,"href":"https:\/\/infozamoraec.com\/index.php\/wp-json\/wp\/v2\/tags?post=24690"}],"curies":[{"name":"wp","href":"https:\/\/api.w.org\/{rel}","templated":true}]}}