{"id":24684,"date":"2026-08-31T22:37:31","date_gmt":"2026-08-31T22:37:31","guid":{"rendered":"https:\/\/infozamoraec.com\/?p=24684"},"modified":"2026-08-31T22:37:31","modified_gmt":"2026-08-31T22:37:31","slug":"proyecto-de-ley-de-seguridad-vial-quitara-competencias-de-transito-a-municipios-que-no-superen-evaluaciones-de-la-ant","status":"publish","type":"post","link":"https:\/\/infozamoraec.com\/index.php\/2026\/08\/31\/proyecto-de-ley-de-seguridad-vial-quitara-competencias-de-transito-a-municipios-que-no-superen-evaluaciones-de-la-ant\/","title":{"rendered":"Proyecto de Ley de seguridad vial quitar\u00e1 competencias de tr\u00e1nsito a municipios que no superen evaluaciones de la ANT"},"content":{"rendered":"<p>El proyecto de Ley para el Fortalecimiento de la Seguridad Vial eliminar\u00e1 las competencias en materia de tr\u00e1nsito y transporte de aquellos municipios que no cumplan con las evaluaciones que realizar\u00e1 la Agencia Nacional de Tr\u00e1nsito (ANT). Este proyecto ser\u00e1 tramitado el jueves 3 de septiembre en el Pleno de la Asamblea Nacional.<\/p>\n<p>La propuesta tambi\u00e9n plantea cambios en el control de la red vial estatal, regula los servicios de delivery, aplica restricciones a los contratos de radares y crea nuevos mecanismos para identificar veh\u00edculos.<\/p>\n<p>Su contenido fue explicado por la presidenta de la Comisi\u00f3n de Desarrollo Econ\u00f3mico, Valentina Centeno (ADN), quien sostuvo que la iniciativa busca fortalecer la seguridad vial, combatir al crimen organizado y reducir espacios para la corrupci\u00f3n en la gesti\u00f3n del tr\u00e1nsito.<\/p>\n<p>Seg\u00fan Centeno, la ANT tendr\u00e1 a su cargo la evaluaci\u00f3n de los municipios y, en caso de que estos no cumplan con los par\u00e1metros establecidos, sus competencias podr\u00edan ser suspendidas.<\/p>\n<h3><strong>Matriculaci\u00f3n bajo la lupa<\/strong><\/h3>\n<p>Uno de los aspectos que busca controlar la reforma es la matriculaci\u00f3n vehicular. Centeno cuestion\u00f3 las diferencias que existir\u00edan entre el n\u00famero de veh\u00edculos que conforman el parque automotor de algunos municipios y la cantidad de matr\u00edculas que se emiten.<\/p>\n<p>Como ejemplo, se\u00f1al\u00f3 que existen municipios cuyo parque vehicular estar\u00eda entre 8.000 y 10.000 veh\u00edculos, pero donde se registran m\u00e1s de 40.000 matriculaciones.<\/p>\n","protected":false},"excerpt":{"rendered":"<p>El proyecto de Ley para el Fortalecimiento de la Seguridad Vial eliminar\u00e1 las competencias en materia de tr\u00e1nsito y transporte de aquellos municipios que no cumplan con las evaluaciones que realizar\u00e1 la Agencia Nacional de Tr\u00e1nsito (ANT). Este proyecto ser\u00e1 tramitado el jueves 3 de septiembre en el Pleno de la Asamblea Nacional. La propuesta [&hellip;]<\/p>\n","protected":false},"author":1,"featured_media":24685,"comment_status":"open","ping_status":"open","sticky":false,"template":"","format":"standard","meta":{"footnotes":""},"categories":[12],"tags":[],"_links":{"self":[{"href":"https:\/\/infozamoraec.com\/index.php\/wp-json\/wp\/v2\/posts\/24684"}],"collection":[{"href":"https:\/\/infozamoraec.com\/index.php\/wp-json\/wp\/v2\/posts"}],"about":[{"href":"https:\/\/infozamoraec.com\/index.php\/wp-json\/wp\/v2\/types\/post"}],"author":[{"embeddable":true,"href":"https:\/\/infozamoraec.com\/index.php\/wp-json\/wp\/v2\/users\/1"}],"replies":[{"embeddable":true,"href":"https:\/\/infozamoraec.com\/index.php\/wp-json\/wp\/v2\/comments?post=24684"}],"version-history":[{"count":1,"href":"https:\/\/infozamoraec.com\/index.php\/wp-json\/wp\/v2\/posts\/24684\/revisions"}],"predecessor-version":[{"id":24686,"href":"https:\/\/infozamoraec.com\/index.php\/wp-json\/wp\/v2\/posts\/24684\/revisions\/24686"}],"wp:featuredmedia":[{"embeddable":true,"href":"https:\/\/infozamoraec.com\/index.php\/wp-json\/wp\/v2\/media\/24685"}],"wp:attachment":[{"href":"https:\/\/infozamoraec.com\/index.php\/wp-json\/wp\/v2\/media?parent=24684"}],"wp:term":[{"taxonomy":"category","embeddable":true,"href":"https:\/\/infozamoraec.com\/index.php\/wp-json\/wp\/v2\/categories?post=24684"},{"taxonomy":"post_tag","embeddable":true,"href":"https:\/\/infozamoraec.com\/index.php\/wp-json\/wp\/v2\/tags?post=24684"}],"curies":[{"name":"wp","href":"https:\/\/api.w.org\/{rel}","templated":true}]}}