{"id":24678,"date":"2026-08-31T22:29:44","date_gmt":"2026-08-31T22:29:44","guid":{"rendered":"https:\/\/infozamoraec.com\/?p=24678"},"modified":"2026-08-31T22:29:44","modified_gmt":"2026-08-31T22:29:44","slug":"exalcalde-de-cuenca-cristian-zamora-repaprece-tras-su-enfermedad","status":"publish","type":"post","link":"https:\/\/infozamoraec.com\/index.php\/2026\/08\/31\/exalcalde-de-cuenca-cristian-zamora-repaprece-tras-su-enfermedad\/","title":{"rendered":"Exalcalde de Cuenca, Cristian Zamora repaprece tras su enfermedad"},"content":{"rendered":"<p>Tras semanas de total hermetismo sobre su paradero y evoluci\u00f3n m\u00e9dica, el alcalde suspendido de Cuenca, Cristian Zamora, difundi\u00f3 un video el domingo 30 de agosto de 2026 para confirmar que se encuentra en franca recuperaci\u00f3n. El funcionario describi\u00f3 que estuvo cerca de la muerte debido a un colapso severo de su sistema digestivo, que lo oblig\u00f3 a pasar por dos hospitalizaciones consecutivas.<\/p>\n<p class=\"wp-block-paragraph\">Zamora, visiblemente afectado en su contextura, confes\u00f3 haber sufrido una\u00a0<strong>p\u00e9rdida significativa de peso y masa muscular<\/strong>. Por este motivo, se encuentra bajo un riguroso esquema de fisioterapia en la capital del pa\u00eds. \u00abEstaba con un pie en las altas luces de la eternidad y de all\u00e1 me regres\u00e9\u00bb, manifest\u00f3 de forma emotiva. El pol\u00edtico anticip\u00f3 que su rehabilitaci\u00f3n total\u00a0<strong>tomar\u00e1 varios meses m\u00e1s<\/strong>.<\/p>\n<p class=\"wp-block-paragraph\">Cr\u00edticas a la administraci\u00f3n subrogante<\/p>\n<p class=\"wp-block-paragraph\">El pronunciamiento no se limit\u00f3 al \u00e1mbito personal. Zamora arremeti\u00f3 contra la actual gesti\u00f3n del Cabildo, hoy liderada por la alcaldesa encargada\u00a0<strong>Marisol Pe\u00f1aloza<\/strong>. Pe\u00f1aloza asumi\u00f3 el cargo e inici\u00f3 una serie de reestructuraciones institucionales tras la suspensi\u00f3n de Zamora.<\/p>\n<p class=\"wp-block-paragraph\">El burgoamestre suspendido afirm\u00f3 sentirse \u00abtriste por lo que pasa en la ciudad porque est\u00e1n destruyendo muchas cosas\u00bb.<\/p>\n<p class=\"wp-block-paragraph\">Citando lecturas de su convalecencia, lanz\u00f3 un dardo directo a sus relevos temporales: \u00abEl poder no cambia a las personas, solo revela qui\u00e9n verdaderamente son\u00bb.<\/p>\n<p class=\"wp-block-paragraph\">El laberinto legal y el panorama electoral<\/p>\n<p class=\"wp-block-paragraph\">Cabe recordar que Cristian Zamora se encuentra apartado del cargo debido a una\u00a0<strong>sanci\u00f3n de seis meses impuesta por el Tribunal Contencioso Electoral (TCE)<\/strong>. El fallo responde a una denuncia por presunta violencia pol\u00edtica de g\u00e9nero.<\/p>\n<p class=\"wp-block-paragraph\">Respecto a este tema, Zamora calific\u00f3 la sentencia como\u00a0<strong>\u00abrisible y forzada\u00bb<\/strong>. Semanas atr\u00e1s, el propio funcionario hab\u00eda sugerido que si su recuperaci\u00f3n m\u00e9dica se extend\u00eda demasiado, \u00abya no tendr\u00eda sentido regresar por un par de meses\u00bb a la alcald\u00eda, sembrando dudas sobre su retorno definitivo al sill\u00f3n municipal. (I)<\/p>\n","protected":false},"excerpt":{"rendered":"<p>Tras semanas de total hermetismo sobre su paradero y evoluci\u00f3n m\u00e9dica, el alcalde suspendido de Cuenca, Cristian Zamora, difundi\u00f3 un video el domingo 30 de agosto de 2026 para confirmar que se encuentra en franca recuperaci\u00f3n. El funcionario describi\u00f3 que estuvo cerca de la muerte debido a un colapso severo de su sistema digestivo, que [&hellip;]<\/p>\n","protected":false},"author":1,"featured_media":24679,"comment_status":"open","ping_status":"open","sticky":false,"template":"","format":"standard","meta":{"footnotes":""},"categories":[12],"tags":[],"_links":{"self":[{"href":"https:\/\/infozamoraec.com\/index.php\/wp-json\/wp\/v2\/posts\/24678"}],"collection":[{"href":"https:\/\/infozamoraec.com\/index.php\/wp-json\/wp\/v2\/posts"}],"about":[{"href":"https:\/\/infozamoraec.com\/index.php\/wp-json\/wp\/v2\/types\/post"}],"author":[{"embeddable":true,"href":"https:\/\/infozamoraec.com\/index.php\/wp-json\/wp\/v2\/users\/1"}],"replies":[{"embeddable":true,"href":"https:\/\/infozamoraec.com\/index.php\/wp-json\/wp\/v2\/comments?post=24678"}],"version-history":[{"count":1,"href":"https:\/\/infozamoraec.com\/index.php\/wp-json\/wp\/v2\/posts\/24678\/revisions"}],"predecessor-version":[{"id":24680,"href":"https:\/\/infozamoraec.com\/index.php\/wp-json\/wp\/v2\/posts\/24678\/revisions\/24680"}],"wp:featuredmedia":[{"embeddable":true,"href":"https:\/\/infozamoraec.com\/index.php\/wp-json\/wp\/v2\/media\/24679"}],"wp:attachment":[{"href":"https:\/\/infozamoraec.com\/index.php\/wp-json\/wp\/v2\/media?parent=24678"}],"wp:term":[{"taxonomy":"category","embeddable":true,"href":"https:\/\/infozamoraec.com\/index.php\/wp-json\/wp\/v2\/categories?post=24678"},{"taxonomy":"post_tag","embeddable":true,"href":"https:\/\/infozamoraec.com\/index.php\/wp-json\/wp\/v2\/tags?post=24678"}],"curies":[{"name":"wp","href":"https:\/\/api.w.org\/{rel}","templated":true}]}}